{"id":9579,"date":"2020-08-18T10:17:02","date_gmt":"2020-08-18T13:17:02","guid":{"rendered":"https:\/\/www.casf.org.ar\/colegio\/?p=9579"},"modified":"2021-08-23T14:19:35","modified_gmt":"2021-08-23T14:19:35","slug":"diplomatura-en-derecho-de-danos-ucsf-20-de-descuento-para-abogadosas","status":"publish","type":"post","link":"https:\/\/www.casf.org.ar\/colegio\/2020\/08\/18\/diplomatura-en-derecho-de-danos-ucsf-20-de-descuento-para-abogadosas\/","title":{"rendered":"Diplomatura en Derecho de Da\u00f1os UCSF. 20 % de descuento para abogados\/as"},"content":{"rendered":"<p>Publicado 18 de Agosto 2020<\/p>\n<p style=\"text-align: justify;\">El Colegio informa a sus matriculados\/as que a trav\u00e9s de un Convenio con la Universidad Cat\u00f3lica de Santa Fe podr\u00e1n capacitarse participando en la Diplomatura en Derecho de Da\u00f1os, con un descuento del 20 % en el costo del cursado de la misma.<\/p>\n<p style=\"text-align: justify;\">El inicio de esta <strong><em>Actualizaci\u00f3n en Derecho de Da\u00f1os. Aspectos sustanciales y procesales<\/em><\/strong> ser\u00e1 durante el mes de Septiembre. Esta iniciativa organizada por los Institutos de Derecho Privado y Procesal de la UCSF tiene como Director honorario al Dr. Enrique M\u00fcller, siendo coordinadores los Dres. Cristian Werlen y Mario Barucca, y cuenta con la participaci\u00f3n de prestigiosos docentes.<\/p>\n<p style=\"text-align: justify;\">La actividad es semipresencial, abarca dos cuatrimestres y posee una carga horaria total de 120 hs., contando con trece m\u00f3dulos y distintas conferencias magistrales.<\/p>\n<p style=\"text-align: justify;\">Inscripci\u00f3n general: $ 18.000. Se aplica sobre dicho monto un 20 % de descuento para abogados\/as matriculados\/as en nuestro Colegio.<\/p>\n<p style=\"text-align: justify;\">Informes e incripciones: Paula Cattel\u00e1n. E.Mail: <a href=\"mailto:pcattelan@ucsf.edu.ar\">pcattelan@ucsf.edu.ar<\/a><\/p>\n<p style=\"text-align: left;\">\n<p style=\"text-align: left;\"><a href=\"https:\/\/www.casf.org.ar\/colegio\/wp-content\/uploads\/2020\/08\/Capacitaci\u00f3n2.jpg\"><img decoding=\"async\" loading=\"lazy\" class=\"alignnone  wp-image-9589\" src=\"https:\/\/www.casf.org.ar\/colegio\/wp-content\/uploads\/2020\/08\/Capacitaci\u00f3n2.jpg\" alt=\"Capacitaci\u00f3n2\" width=\"330\" height=\"441\" \/><\/a> <a href=\"https:\/\/www.casf.org.ar\/colegio\/wp-content\/uploads\/2020\/08\/Capacitaci\u00f3n3.jpg\"><img decoding=\"async\" loading=\"lazy\" class=\"alignnone  wp-image-9590\" src=\"https:\/\/www.casf.org.ar\/colegio\/wp-content\/uploads\/2020\/08\/Capacitaci\u00f3n3.jpg\" alt=\"Capacitaci\u00f3n3\" width=\"330\" height=\"446\" \/><\/a> <a href=\"https:\/\/www.casf.org.ar\/colegio\/wp-content\/uploads\/2020\/08\/Capacitaci\u00f3n4.jpg\"><img decoding=\"async\" loading=\"lazy\" class=\"alignnone  wp-image-9591\" src=\"https:\/\/www.casf.org.ar\/colegio\/wp-content\/uploads\/2020\/08\/Capacitaci\u00f3n4.jpg\" alt=\"Capacitaci\u00f3n4\" width=\"330\" height=\"492\" \/><\/a> <a href=\"https:\/\/www.casf.org.ar\/colegio\/wp-content\/uploads\/2020\/08\/Capacitaci\u00f3n5.jpg\"><img decoding=\"async\" loading=\"lazy\" class=\"alignnone  wp-image-9592\" src=\"https:\/\/www.casf.org.ar\/colegio\/wp-content\/uploads\/2020\/08\/Capacitaci\u00f3n5.jpg\" alt=\"Capacitaci\u00f3n5\" width=\"330\" height=\"489\" \/><\/a><\/p>\n<p>&nbsp;<\/p>\n","protected":false},"excerpt":{"rendered":"<p>Publicado 18 de Agosto 2020 El Colegio informa a sus matriculados\/as que a trav\u00e9s de un Convenio con la Universidad Cat\u00f3lica de Santa Fe podr\u00e1n capacitarse participando en la Diplomatura en Derecho de Da\u00f1os, con un descuento del 20 % en el costo del cursado de la misma. El inicio de esta Actualizaci\u00f3n en Derecho [&#8230;]\n","protected":false},"author":2,"featured_media":9580,"comment_status":"closed","ping_status":"closed","sticky":false,"template":"","format":"standard","meta":[],"categories":[76,1],"tags":[],"_links":{"self":[{"href":"https:\/\/www.casf.org.ar\/colegio\/wp-json\/wp\/v2\/posts\/9579"}],"collection":[{"href":"https:\/\/www.casf.org.ar\/colegio\/wp-json\/wp\/v2\/posts"}],"about":[{"href":"https:\/\/www.casf.org.ar\/colegio\/wp-json\/wp\/v2\/types\/post"}],"author":[{"embeddable":true,"href":"https:\/\/www.casf.org.ar\/colegio\/wp-json\/wp\/v2\/users\/2"}],"replies":[{"embeddable":true,"href":"https:\/\/www.casf.org.ar\/colegio\/wp-json\/wp\/v2\/comments?post=9579"}],"version-history":[{"count":1,"href":"https:\/\/www.casf.org.ar\/colegio\/wp-json\/wp\/v2\/posts\/9579\/revisions"}],"predecessor-version":[{"id":12260,"href":"https:\/\/www.casf.org.ar\/colegio\/wp-json\/wp\/v2\/posts\/9579\/revisions\/12260"}],"wp:featuredmedia":[{"embeddable":true,"href":"https:\/\/www.casf.org.ar\/colegio\/wp-json\/"}],"wp:attachment":[{"href":"https:\/\/www.casf.org.ar\/colegio\/wp-json\/wp\/v2\/media?parent=9579"}],"wp:term":[{"taxonomy":"category","embeddable":true,"href":"https:\/\/www.casf.org.ar\/colegio\/wp-json\/wp\/v2\/categories?post=9579"},{"taxonomy":"post_tag","embeddable":true,"href":"https:\/\/www.casf.org.ar\/colegio\/wp-json\/wp\/v2\/tags?post=9579"}],"curies":[{"name":"wp","href":"https:\/\/api.w.org\/{rel}","templated":true}]}}