{"id":9218,"date":"2020-07-03T13:23:06","date_gmt":"2020-07-03T16:23:06","guid":{"rendered":"https:\/\/www.casf.org.ar\/colegio\/?p=9218"},"modified":"2020-07-03T13:23:06","modified_gmt":"2020-07-03T16:23:06","slug":"el-casf-solicito-audiencias-en-los-fueros-civil-y-comercial-y-laboral-por-problematicas-de-su-incumbencia","status":"publish","type":"post","link":"https:\/\/www.casf.org.ar\/colegio\/2020\/07\/03\/el-casf-solicito-audiencias-en-los-fueros-civil-y-comercial-y-laboral-por-problematicas-de-su-incumbencia\/","title":{"rendered":"El CASF solicit\u00f3 audiencias a las Presidencias de las C\u00e1maras del Fuero Civil y Comercial, y Fuero Laboral, para plantear las problem\u00e1ticas en relaci\u00f3n al funcionamiento de los Juzgados de Primera Instancia."},"content":{"rendered":"<p>Publicado 03 de julio 2020<\/p>\n<p style=\"text-align: justify;\">El Colegio de Abogados solicit\u00f3 al Presidente de la C\u00e1mara de Apelaci\u00f3n en lo Civil y Comercial, Dr. Daniel Alonso, una audiencia, a los efectos de abordar las diversas problem\u00e1ticas e inquietudes en relaci\u00f3n funcionamiento de los juzgados de primera instancia en lo civil y comercial y de los tribunales colegiados de familia y extracontractual. En igual sentido se plante\u00f3 un pedido al Presidente de la C\u00e1mara de Apelaci\u00f3n en lo Laboral, Dr. Julio C\u00e9sar Alzueta, sobre diversas cuestiones del fuero a su cargo.<\/p>\n<p>\u00abEs nuestra intenci\u00f3n lograr facilitar la tarea diaria a los\/as profesionales de la abogac\u00eda, contribuir con la correcta administraci\u00f3n del servicio de justicia y por ello, entendemos propicio el trabajo conjunto y coordinado entre los operadores jur\u00eddicos\u00bb.<\/p>\n<p><a href=\"https:\/\/drive.google.com\/file\/d\/1x9D41DAIuEMIDIK9DoBB477_93vmvNdd\/view?usp=sharing\">Nota C\u00e1mara Civil y Comercial<\/a><\/p>\n<p><a href=\"https:\/\/drive.google.com\/file\/d\/1FJl6NDSjHdLaasU8f2kfcHu43YKRBX27\/view?usp=sharing\">Nota C\u00e1mara Laboral<\/a><\/p>\n<p>&nbsp;<\/p>\n","protected":false},"excerpt":{"rendered":"<p>Publicado 03 de julio 2020 El Colegio de Abogados solicit\u00f3 al Presidente de la C\u00e1mara de Apelaci\u00f3n en lo Civil y Comercial, Dr. Daniel Alonso, una audiencia, a los efectos de abordar las diversas problem\u00e1ticas e inquietudes en relaci\u00f3n funcionamiento de los juzgados de primera instancia en lo civil y comercial y de los tribunales [&#8230;]\n","protected":false},"author":2,"featured_media":9219,"comment_status":"closed","ping_status":"closed","sticky":false,"template":"","format":"standard","meta":[],"categories":[74],"tags":[],"_links":{"self":[{"href":"https:\/\/www.casf.org.ar\/colegio\/wp-json\/wp\/v2\/posts\/9218"}],"collection":[{"href":"https:\/\/www.casf.org.ar\/colegio\/wp-json\/wp\/v2\/posts"}],"about":[{"href":"https:\/\/www.casf.org.ar\/colegio\/wp-json\/wp\/v2\/types\/post"}],"author":[{"embeddable":true,"href":"https:\/\/www.casf.org.ar\/colegio\/wp-json\/wp\/v2\/users\/2"}],"replies":[{"embeddable":true,"href":"https:\/\/www.casf.org.ar\/colegio\/wp-json\/wp\/v2\/comments?post=9218"}],"version-history":[{"count":0,"href":"https:\/\/www.casf.org.ar\/colegio\/wp-json\/wp\/v2\/posts\/9218\/revisions"}],"wp:featuredmedia":[{"embeddable":true,"href":"https:\/\/www.casf.org.ar\/colegio\/wp-json\/"}],"wp:attachment":[{"href":"https:\/\/www.casf.org.ar\/colegio\/wp-json\/wp\/v2\/media?parent=9218"}],"wp:term":[{"taxonomy":"category","embeddable":true,"href":"https:\/\/www.casf.org.ar\/colegio\/wp-json\/wp\/v2\/categories?post=9218"},{"taxonomy":"post_tag","embeddable":true,"href":"https:\/\/www.casf.org.ar\/colegio\/wp-json\/wp\/v2\/tags?post=9218"}],"curies":[{"name":"wp","href":"https:\/\/api.w.org\/{rel}","templated":true}]}}