{"id":9115,"date":"2020-06-26T17:29:14","date_gmt":"2020-06-26T20:29:14","guid":{"rendered":"https:\/\/www.casf.org.ar\/colegio\/?p=9115"},"modified":"2020-06-26T17:29:14","modified_gmt":"2020-06-26T20:29:14","slug":"nueva-prorroga-de-suspension-de-plazos-en-el-registro-general-hasta-el-12-de-julio-inclusive","status":"publish","type":"post","link":"https:\/\/www.casf.org.ar\/colegio\/2020\/06\/26\/nueva-prorroga-de-suspension-de-plazos-en-el-registro-general-hasta-el-12-de-julio-inclusive\/","title":{"rendered":"Nueva pr\u00f3rroga de suspensi\u00f3n de plazos en el Registro General hasta el 12 de Julio inclusive"},"content":{"rendered":"<p>Publicado 26 de Junio 2020<\/p>\n<p style=\"text-align: justify;\">El Subsecretario de Personas Humanas y Jur\u00eddicas del Ministerio de Gobierno, Justicia, DDHH y Diversidad, dict\u00f3 la Disposici\u00f3n T\u00e9cnica Registral Conjunta n\u00b0 15 del 26\/06\/2020 por medio de la cual se decide prorrogar la suspensi\u00f3n de los plazos registrales establecidos en la ley 6435 hasta las 24 horas del d\u00eda 12 de julio de 2020. Ello alcanzar\u00e1 a aquellos certificados cuyo plazo de validez estuviere comprendido en<br \/>\nese lapso y a las inscripciones, anotaciones y otros documentos cuyo plazo de vencimiento, caducidad o presentaci\u00f3n se cumpliera en el mismo lapso de la suspensi\u00f3n.<br \/>\nA su vez, se dispuso continuar con la suspensi\u00f3n de tr\u00e1mites urgentes.<br \/>\nAcompa\u00f1amos la referida DTRC n\u00b0 15<br \/>\n<a href=\"https:\/\/www.casf.org.ar\/colegio\/wp-content\/uploads\/2020\/06\/DTR-CONJUNTA-15-2020-Covid19-CONTINUA-SUSPENSION.pdf\" target=\"_blank\" rel=\"noopener\">DTR CONJUNTA 15 2020 Covid19 CONTINUA SUSPENSION<\/a><\/p>\n","protected":false},"excerpt":{"rendered":"<p>Publicado 26 de Junio 2020 El Subsecretario de Personas Humanas y Jur\u00eddicas del Ministerio de Gobierno, Justicia, DDHH y Diversidad, dict\u00f3 la Disposici\u00f3n T\u00e9cnica Registral Conjunta n\u00b0 15 del 26\/06\/2020 por medio de la cual se decide prorrogar la suspensi\u00f3n de los plazos registrales establecidos en la ley 6435 hasta las 24 horas del d\u00eda [&#8230;]\n","protected":false},"author":2,"featured_media":9117,"comment_status":"closed","ping_status":"closed","sticky":false,"template":"","format":"standard","meta":[],"categories":[74],"tags":[],"_links":{"self":[{"href":"https:\/\/www.casf.org.ar\/colegio\/wp-json\/wp\/v2\/posts\/9115"}],"collection":[{"href":"https:\/\/www.casf.org.ar\/colegio\/wp-json\/wp\/v2\/posts"}],"about":[{"href":"https:\/\/www.casf.org.ar\/colegio\/wp-json\/wp\/v2\/types\/post"}],"author":[{"embeddable":true,"href":"https:\/\/www.casf.org.ar\/colegio\/wp-json\/wp\/v2\/users\/2"}],"replies":[{"embeddable":true,"href":"https:\/\/www.casf.org.ar\/colegio\/wp-json\/wp\/v2\/comments?post=9115"}],"version-history":[{"count":0,"href":"https:\/\/www.casf.org.ar\/colegio\/wp-json\/wp\/v2\/posts\/9115\/revisions"}],"wp:featuredmedia":[{"embeddable":true,"href":"https:\/\/www.casf.org.ar\/colegio\/wp-json\/"}],"wp:attachment":[{"href":"https:\/\/www.casf.org.ar\/colegio\/wp-json\/wp\/v2\/media?parent=9115"}],"wp:term":[{"taxonomy":"category","embeddable":true,"href":"https:\/\/www.casf.org.ar\/colegio\/wp-json\/wp\/v2\/categories?post=9115"},{"taxonomy":"post_tag","embeddable":true,"href":"https:\/\/www.casf.org.ar\/colegio\/wp-json\/wp\/v2\/tags?post=9115"}],"curies":[{"name":"wp","href":"https:\/\/api.w.org\/{rel}","templated":true}]}}