{"id":8711,"date":"2020-05-26T14:06:38","date_gmt":"2020-05-26T17:06:38","guid":{"rendered":"https:\/\/www.casf.org.ar\/colegio\/?p=8711"},"modified":"2020-05-26T14:06:38","modified_gmt":"2020-05-26T17:06:38","slug":"colegios-de-abogados-reiteran-a-la-corte-inmediato-restablecimiento-servicio-de-justicia-en-toda-la-provincia","status":"publish","type":"post","link":"https:\/\/www.casf.org.ar\/colegio\/2020\/05\/26\/colegios-de-abogados-reiteran-a-la-corte-inmediato-restablecimiento-servicio-de-justicia-en-toda-la-provincia\/","title":{"rendered":"Colegios de Abogados reiteran a la Corte inmediato restablecimiento servicio de Justicia en toda la provincia"},"content":{"rendered":"<p>Publicado 26 de mayo 2020<\/p>\n<p style=\"text-align: justify;\">Los Cinco Colegios de Abogados de Santa Fe volvieron a insistir a la CSJ se disponga el inmediato restablecimiento del servicio de justicia en todo el territorio provincial.<\/p>\n<p>\u00abEn efecto, resulta esencial replicar en los tribunales de las ciudades de Santa Fe, Santo Tom\u00e9, Rosario y San Lorenzo, el nuevo esquema de trabajo dispuesto para los restantes distritos por la Acordada n\u00famero 14 (13\/05\/20)\u00bb.<\/p>\n<p>\u00abMediante la implementaci\u00f3n del sistema de turnos web, el r\u00e9gimen de notificaciones electr\u00f3nicas, el trabajo a distancia de funcionarios y la presentaci\u00f3n de escritos por mail, se logr\u00f3 reducir notablemente la asistencia de p\u00fablico a los edificios del Poder Judicial\u00bb.<\/p>\n<p>\u00abAsimismo, en id\u00e9ntico sentido, resultar\u00eda indispensable disponer que las vistas a los Ministerios P\u00fablicos se realicen por medios electr\u00f3nicos, lo que evitar\u00eda a\u00fan m\u00e1s la presencia de profesionales en los \u00e1mbitos del Poder Judicial\u00bb.<\/p>\n<p>\u00abPor tales razones -subrayan los Colegios-, sumado a la implementaci\u00f3n y acatamiento estricto de todos los protocolos aprobados por la autoridad sanitaria, es que resulta imperioso el retorno a la actividad con los alcances antes mencionados\u00bb.<\/p>\n<p>Es dable resaltar que si no se ampl\u00eda la prestaci\u00f3n en los distintos fueros, am\u00e9n de quebrantar las garant\u00edas constitucionales elementales,\u00a0 se generar\u00eda en un futuro, una aglomeraci\u00f3n de tr\u00e1mites \u2013a iniciar y\/o en curso- que redundar\u00eda en un innegable d\u00e9ficit para la administraci\u00f3n de justicia\u00bb.<\/p>\n<p>\u00abLo requerido no implica en manera alguna contravenir los decretos dictados por los Poderes Ejecutivos de la Naci\u00f3n y Provincia, puesto que la cuarentena es para las personas, no as\u00ed para las instituciones, que deben funcionar sin fisuras, con las necesarias precauciones de higiene y seguridad personal\u00bb.<\/p>\n<p>\u00abSabido es que, conforme surge de la informaci\u00f3n p\u00fablica, en lo inmediato no se lograr\u00e1 desarrollar una vacuna contra el COVID 19, motivo por el cual, habiendo transcurrido m\u00e1s de sesenta (60) d\u00edas desde el inicio del Receso Administrativo, no se admiten mayores dilaciones para el restablecimiento pleno del servicio de justicia\u00bb, concluye la presentaci\u00f3n suscripta por los Presidentes de los Colegios de Abogados de Santa Fe, Rosario, Rafaela, Reconquista y Venado Tuerto, que acompa\u00f1amos con esta informaci\u00f3n institucional.<\/p>\n<p style=\"text-align: justify;\"><a href=\"https:\/\/drive.google.com\/file\/d\/1cIDpQde1zRcYDcVSprDDmJgR5LmSwE0P\/view?usp=sharing\">Nota 5 colegios<\/a><\/p>\n","protected":false},"excerpt":{"rendered":"<p>Publicado 26 de mayo 2020 Los Cinco Colegios de Abogados de Santa Fe volvieron a insistir a la CSJ se disponga el inmediato restablecimiento del servicio de justicia en todo el territorio provincial. \u00abEn efecto, resulta esencial replicar en los tribunales de las ciudades de Santa Fe, Santo Tom\u00e9, Rosario y San Lorenzo, el nuevo [&#8230;]\n","protected":false},"author":2,"featured_media":8712,"comment_status":"closed","ping_status":"closed","sticky":false,"template":"","format":"standard","meta":[],"categories":[74],"tags":[],"_links":{"self":[{"href":"https:\/\/www.casf.org.ar\/colegio\/wp-json\/wp\/v2\/posts\/8711"}],"collection":[{"href":"https:\/\/www.casf.org.ar\/colegio\/wp-json\/wp\/v2\/posts"}],"about":[{"href":"https:\/\/www.casf.org.ar\/colegio\/wp-json\/wp\/v2\/types\/post"}],"author":[{"embeddable":true,"href":"https:\/\/www.casf.org.ar\/colegio\/wp-json\/wp\/v2\/users\/2"}],"replies":[{"embeddable":true,"href":"https:\/\/www.casf.org.ar\/colegio\/wp-json\/wp\/v2\/comments?post=8711"}],"version-history":[{"count":0,"href":"https:\/\/www.casf.org.ar\/colegio\/wp-json\/wp\/v2\/posts\/8711\/revisions"}],"wp:featuredmedia":[{"embeddable":true,"href":"https:\/\/www.casf.org.ar\/colegio\/wp-json\/"}],"wp:attachment":[{"href":"https:\/\/www.casf.org.ar\/colegio\/wp-json\/wp\/v2\/media?parent=8711"}],"wp:term":[{"taxonomy":"category","embeddable":true,"href":"https:\/\/www.casf.org.ar\/colegio\/wp-json\/wp\/v2\/categories?post=8711"},{"taxonomy":"post_tag","embeddable":true,"href":"https:\/\/www.casf.org.ar\/colegio\/wp-json\/wp\/v2\/tags?post=8711"}],"curies":[{"name":"wp","href":"https:\/\/api.w.org\/{rel}","templated":true}]}}