{"id":8609,"date":"2020-05-18T11:23:43","date_gmt":"2020-05-18T14:23:43","guid":{"rendered":"https:\/\/www.casf.org.ar\/colegio\/?p=8609"},"modified":"2020-05-18T11:23:43","modified_gmt":"2020-05-18T14:23:43","slug":"el-casf-repudia-otro-femicidio-y-reafirma-su-lucha-contra-la-violencia-de-genero","status":"publish","type":"post","link":"https:\/\/www.casf.org.ar\/colegio\/2020\/05\/18\/el-casf-repudia-otro-femicidio-y-reafirma-su-lucha-contra-la-violencia-de-genero\/","title":{"rendered":"El CASF repudia otro femicidio y reafirma su lucha contra la violencia de G\u00e9nero"},"content":{"rendered":"<p>Publicado 18 de mayo 2020<\/p>\n<p style=\"text-align: justify;\">Desde el Colegio de Abogados de Santa Fe -1\u00aa Circunscripci\u00f3n- y su Instituto de Derechos de la Mujer, queremos acompa\u00f1ar al Colegio de Abogados de la vecina Provincia de C\u00f3rdoba, en el en\u00e9rgico repudio por el femicidio de la colega Dra. Karina Beatriz Bustos. Lamentamos profundamente el brutal crimen del que fue v\u00edctima la colega, en manos de la intolerancia, la misoginia y la violencia de g\u00e9nero m\u00e1s extrema.<br \/>\nDesde nuestra instituci\u00f3n, tambi\u00e9n queremos hacer llegar nuestras condolencias a su familia y acompa\u00f1arlos en este sentido momento.<br \/>\nAsimismo, reafirmamos la lucha contra la violencia de g\u00e9nero que viene realizando esta instituci\u00f3n, para que se tomen siempre todas las medidas de prevenci\u00f3n necesarias, ya que el aislamiento social, preventivo y obligatorio, motivado por el Covid-19, ha servido de disparador para este flagelo, que afecta a muchas mujeres y hoy particularmente ti\u00f1e de luto a nuestra profesi\u00f3n.\u00bb<\/p>\n","protected":false},"excerpt":{"rendered":"<p>Publicado 18 de mayo 2020 Desde el Colegio de Abogados de Santa Fe -1\u00aa Circunscripci\u00f3n- y su Instituto de Derechos de la Mujer, queremos acompa\u00f1ar al Colegio de Abogados de la vecina Provincia de C\u00f3rdoba, en el en\u00e9rgico repudio por el femicidio de la colega Dra. Karina Beatriz Bustos. Lamentamos profundamente el brutal crimen del [&#8230;]\n","protected":false},"author":2,"featured_media":8610,"comment_status":"closed","ping_status":"closed","sticky":false,"template":"","format":"standard","meta":[],"categories":[75],"tags":[],"_links":{"self":[{"href":"https:\/\/www.casf.org.ar\/colegio\/wp-json\/wp\/v2\/posts\/8609"}],"collection":[{"href":"https:\/\/www.casf.org.ar\/colegio\/wp-json\/wp\/v2\/posts"}],"about":[{"href":"https:\/\/www.casf.org.ar\/colegio\/wp-json\/wp\/v2\/types\/post"}],"author":[{"embeddable":true,"href":"https:\/\/www.casf.org.ar\/colegio\/wp-json\/wp\/v2\/users\/2"}],"replies":[{"embeddable":true,"href":"https:\/\/www.casf.org.ar\/colegio\/wp-json\/wp\/v2\/comments?post=8609"}],"version-history":[{"count":0,"href":"https:\/\/www.casf.org.ar\/colegio\/wp-json\/wp\/v2\/posts\/8609\/revisions"}],"wp:featuredmedia":[{"embeddable":true,"href":"https:\/\/www.casf.org.ar\/colegio\/wp-json\/"}],"wp:attachment":[{"href":"https:\/\/www.casf.org.ar\/colegio\/wp-json\/wp\/v2\/media?parent=8609"}],"wp:term":[{"taxonomy":"category","embeddable":true,"href":"https:\/\/www.casf.org.ar\/colegio\/wp-json\/wp\/v2\/categories?post=8609"},{"taxonomy":"post_tag","embeddable":true,"href":"https:\/\/www.casf.org.ar\/colegio\/wp-json\/wp\/v2\/tags?post=8609"}],"curies":[{"name":"wp","href":"https:\/\/api.w.org\/{rel}","templated":true}]}}