{"id":8560,"date":"2020-05-12T13:07:55","date_gmt":"2020-05-12T16:07:55","guid":{"rendered":"https:\/\/www.casf.org.ar\/colegio\/?p=8560"},"modified":"2021-08-23T14:19:39","modified_gmt":"2021-08-23T14:19:39","slug":"alteraciones-del-contrato-de-trabajo","status":"publish","type":"post","link":"https:\/\/www.casf.org.ar\/colegio\/2020\/05\/12\/alteraciones-del-contrato-de-trabajo\/","title":{"rendered":"Alteraciones del Contrato de Trabajo"},"content":{"rendered":"<p>Publicado 12 de mayo 2020<\/p>\n<p style=\"text-align: justify;\">El CASF, a trav\u00e9s de su Instituto de Derecho Laboral, ha organizado dentro del Ciclo de Charlas que viene impulsando, una actividad acad\u00e9mica sobre el tema: Alteraciones del Contrato de Trabajo en tiempos de Coronavirus. Ius Variandi. Teletrabajo, a cargo de la Dra. Andrea Garc\u00eda Vior, la que tendr\u00e1 lugar el jueves 14 de Mayo, a las 17 horas.<br \/>\nA esta iniciativa podr\u00e1 accederse v\u00eda Zoom. ID: 906 572 9728. Contrase\u00f1a: 1uRX7p.<br \/>\n#Quedateencasa<\/p>\n","protected":false},"excerpt":{"rendered":"<p>Publicado 12 de mayo 2020 El CASF, a trav\u00e9s de su Instituto de Derecho Laboral, ha organizado dentro del Ciclo de Charlas que viene impulsando, una actividad acad\u00e9mica sobre el tema: Alteraciones del Contrato de Trabajo en tiempos de Coronavirus. Ius Variandi. Teletrabajo, a cargo de la Dra. Andrea Garc\u00eda Vior, la que tendr\u00e1 lugar [&#8230;]\n","protected":false},"author":2,"featured_media":8561,"comment_status":"closed","ping_status":"closed","sticky":false,"template":"","format":"standard","meta":[],"categories":[76,1],"tags":[],"_links":{"self":[{"href":"https:\/\/www.casf.org.ar\/colegio\/wp-json\/wp\/v2\/posts\/8560"}],"collection":[{"href":"https:\/\/www.casf.org.ar\/colegio\/wp-json\/wp\/v2\/posts"}],"about":[{"href":"https:\/\/www.casf.org.ar\/colegio\/wp-json\/wp\/v2\/types\/post"}],"author":[{"embeddable":true,"href":"https:\/\/www.casf.org.ar\/colegio\/wp-json\/wp\/v2\/users\/2"}],"replies":[{"embeddable":true,"href":"https:\/\/www.casf.org.ar\/colegio\/wp-json\/wp\/v2\/comments?post=8560"}],"version-history":[{"count":1,"href":"https:\/\/www.casf.org.ar\/colegio\/wp-json\/wp\/v2\/posts\/8560\/revisions"}],"predecessor-version":[{"id":12325,"href":"https:\/\/www.casf.org.ar\/colegio\/wp-json\/wp\/v2\/posts\/8560\/revisions\/12325"}],"wp:featuredmedia":[{"embeddable":true,"href":"https:\/\/www.casf.org.ar\/colegio\/wp-json\/"}],"wp:attachment":[{"href":"https:\/\/www.casf.org.ar\/colegio\/wp-json\/wp\/v2\/media?parent=8560"}],"wp:term":[{"taxonomy":"category","embeddable":true,"href":"https:\/\/www.casf.org.ar\/colegio\/wp-json\/wp\/v2\/categories?post=8560"},{"taxonomy":"post_tag","embeddable":true,"href":"https:\/\/www.casf.org.ar\/colegio\/wp-json\/wp\/v2\/tags?post=8560"}],"curies":[{"name":"wp","href":"https:\/\/api.w.org\/{rel}","templated":true}]}}