{"id":8144,"date":"2020-04-09T13:24:59","date_gmt":"2020-04-09T16:24:59","guid":{"rendered":"https:\/\/www.casf.org.ar\/colegio\/?p=8144"},"modified":"2020-04-09T13:24:59","modified_gmt":"2020-04-09T16:24:59","slug":"comision-conjunta-para-abordar-problematica-del-sistema-de-mediacion","status":"publish","type":"post","link":"https:\/\/www.casf.org.ar\/colegio\/2020\/04\/09\/comision-conjunta-para-abordar-problematica-del-sistema-de-mediacion\/","title":{"rendered":"Comisi\u00f3n Conjunta para abordar problem\u00e1tica del Sistema de Mediaci\u00f3n"},"content":{"rendered":"<p style=\"text-align: right;\">Publicado jueves 09 de abril 2020<\/p>\n<p style=\"text-align: justify;\">El Colegio plante\u00f3 al Secretario de Justicia, Dr. H\u00e9ctor Gabriel Somaglia, la creaci\u00f3n de una Comisi\u00f3n de Trabajo conjunta con el Ministerio de Gobierno, Justicia, Derechos Humanos y Diversidad, \u201ca los fines de dise\u00f1ar medidas necesarias tendientes a salvaguardar la salud de los operadores del sistema de mediaci\u00f3n prejudicial obligatoria y facilitar el funcionamiento del servicio de acceso a la justicia durante la segunda etapa del aislamiento obligatorio\u201d.<br \/>\n\u201cSe estima que habr\u00e1 una progresiva reintegraci\u00f3n de las personas a los lugares de trabajo y por ello resulta necesario realizar previsiones para favorecer la protecci\u00f3n sanitaria de los operadores y actores del servicio de mediaci\u00f3n prejudicial\u201d.<br \/>\nEn ese orden, el CASF entiende indispensable \u201cel trabajo coordinado y mancomunado con el Poder Ejecutivo para atender numerosas cuestiones que devienen del funcionamiento del Sistema de Mediaci\u00f3n Prejudicial Obligatoria, en la medida que los plazos dejen de estar suspendidos\u201d.<br \/>\nEntre las cuestiones a resolver cabe mencionar: \u201ccomunicaciones formales de la Autoridad de Aplicaci\u00f3n\u00a0 de la Ley 13.151 a los operadores del Sistema; funcionamiento de AGEM; instrumentaci\u00f3n de sorteo y habilitaci\u00f3n remota del sistema inform\u00e1tico; notificaciones electr\u00f3nicas; asesor\u00eda t\u00e9cnica en l\u00ednea a mediadores y patrocinantes; ajustes al procedimiento de mediaci\u00f3n introduciendo las TICs; evaluaci\u00f3n de la posibilidad de instrumentar mediaci\u00f3n a distancia total o parcialmente; acreditaci\u00f3n de horas de capacitaci\u00f3n continua de mediadores para mantener la vigencia del Registro, entre otros\u201d.<br \/>\nPor todo lo expuesto \u2013se\u00f1ala la nota- es necesaria la tarea conjunta para lograr resultados que redunden en beneficio de todos.<br \/>\n<a href=\"https:\/\/www.casf.org.ar\/colegio\/wp-content\/uploads\/2020\/04\/gestion-ante-somaglia-2020-04-09.jpg\">Se acompa\u00f1a la nota presentada en la Secretar\u00eda de Justicia.<\/a><\/p>\n<p style=\"text-align: justify;\">\n","protected":false},"excerpt":{"rendered":"<p>Publicado jueves 09 de abril 2020 El Colegio plante\u00f3 al Secretario de Justicia, Dr. H\u00e9ctor Gabriel Somaglia, la creaci\u00f3n de una Comisi\u00f3n de Trabajo conjunta con el Ministerio de Gobierno, Justicia, Derechos Humanos y Diversidad, \u201ca los fines de dise\u00f1ar medidas necesarias tendientes a salvaguardar la salud de los operadores del sistema de mediaci\u00f3n prejudicial [&#8230;]\n","protected":false},"author":2,"featured_media":5412,"comment_status":"closed","ping_status":"closed","sticky":false,"template":"","format":"standard","meta":[],"categories":[74],"tags":[],"_links":{"self":[{"href":"https:\/\/www.casf.org.ar\/colegio\/wp-json\/wp\/v2\/posts\/8144"}],"collection":[{"href":"https:\/\/www.casf.org.ar\/colegio\/wp-json\/wp\/v2\/posts"}],"about":[{"href":"https:\/\/www.casf.org.ar\/colegio\/wp-json\/wp\/v2\/types\/post"}],"author":[{"embeddable":true,"href":"https:\/\/www.casf.org.ar\/colegio\/wp-json\/wp\/v2\/users\/2"}],"replies":[{"embeddable":true,"href":"https:\/\/www.casf.org.ar\/colegio\/wp-json\/wp\/v2\/comments?post=8144"}],"version-history":[{"count":0,"href":"https:\/\/www.casf.org.ar\/colegio\/wp-json\/wp\/v2\/posts\/8144\/revisions"}],"wp:featuredmedia":[{"embeddable":true,"href":"https:\/\/www.casf.org.ar\/colegio\/wp-json\/"}],"wp:attachment":[{"href":"https:\/\/www.casf.org.ar\/colegio\/wp-json\/wp\/v2\/media?parent=8144"}],"wp:term":[{"taxonomy":"category","embeddable":true,"href":"https:\/\/www.casf.org.ar\/colegio\/wp-json\/wp\/v2\/categories?post=8144"},{"taxonomy":"post_tag","embeddable":true,"href":"https:\/\/www.casf.org.ar\/colegio\/wp-json\/wp\/v2\/tags?post=8144"}],"curies":[{"name":"wp","href":"https:\/\/api.w.org\/{rel}","templated":true}]}}