{"id":8108,"date":"2020-04-08T11:46:56","date_gmt":"2020-04-08T14:46:56","guid":{"rendered":"https:\/\/www.casf.org.ar\/colegio\/?p=8108"},"modified":"2021-08-23T14:19:40","modified_gmt":"2021-08-23T14:19:40","slug":"la-secretaria-de-posgrado-de-la-fcjs-unl-informo-sobre-la-reprogramacion-de-las-maestrias-y-especializaciones","status":"publish","type":"post","link":"https:\/\/www.casf.org.ar\/colegio\/2020\/04\/08\/la-secretaria-de-posgrado-de-la-fcjs-unl-informo-sobre-la-reprogramacion-de-las-maestrias-y-especializaciones\/","title":{"rendered":"La Secretar\u00eda de Posgrado de la FCJS (UNL) inform\u00f3 sobre la reprogramaci\u00f3n de las Maestr\u00edas y Especializaciones."},"content":{"rendered":"<p style=\"text-align: right;\">Publicado 08 de abril 2020<\/p>\n<p style=\"text-align: justify;\">Debido a las medidas de prevenci\u00f3n tomadas por el Ejecutivo Nacional y por Universidad Nacional del Litoral (UNL) con respecto al COVID-19, la Facultad de Ciencias Jur\u00eddicas y Sociales (FCJS) reprograma el inicio de las carreras de posgrado previstas para este 2020. Esto\u00a0 tiene especial inter\u00e9s debido al convenio vigente entre el CASF y esa prestigiosa Casa de Estudios.<br \/>\nLa Secretar\u00eda informa que se contin\u00faa trabajando en la reprogramaci\u00f3n del cursado y la modalidad de dictado de las carreras que forman parte de la propuesta de este a\u00f1o.<br \/>\nA continuaci\u00f3n se pone a disposici\u00f3n el estado de situaci\u00f3n actualizado de las maestr\u00edas y especializaciones:<\/p>\n<p>MAESTR\u00cdAS<br \/>\nDerecho Administrativo \u2192 Inicia en agosto de 2020. Inscripci\u00f3n abierta.<\/p>\n<p>Argumentaci\u00f3n Jur\u00eddica \u2192 Reprogramaci\u00f3n a confirmar. Inscripci\u00f3n abierta.<\/p>\n<p>Teor\u00eda Constitucional y Derechos Humanos \u2192 Reprogramaci\u00f3n: no se dictar\u00e1 en 2020. Su inicio se pospone para el primer cuatrimestre de 2021. Las inscripciones est\u00e1n cerradas.<\/p>\n<p>Desarrollo y Pol\u00edticas P\u00fablicas\u00a0 \u2192 Reprogramaci\u00f3n: iniciar\u00e1 el 7 de agosto de 2020. Inscripci\u00f3n abierta.<\/p>\n<p>ESPECIALIZACIONES<br \/>\nDerecho Administrativo \u2192 Inicia en agosto de 2020.<\/p>\n<p>Derecho Ambiental y Tutela del Patrimonio Cultural \u2192 Reprogramaci\u00f3n: iniciar\u00e1 con el primer encuentro intensivo del 31 de agosto al 5 de septiembre de 2020. Inscripci\u00f3n abierta.<\/p>\n<p>Defensa y Garant\u00edas (Se dicta en la modalidad virtual. Las inscripciones abrir\u00e1n en mayo a trav\u00e9s de UNLVirtual y el costo estar\u00e1 disponible en ese sitio) \u2192 Inicia en agosto de 2020.<\/p>\n<p>Derecho de la Empresa \u2192 Reprogramaci\u00f3n: iniciar\u00e1 el 13 y 14 de agosto de 2020. Inscripci\u00f3n abierta.<\/p>\n<p>Derecho Laboral \u2192 Reprogramaci\u00f3n: esta carrera ya inici\u00f3 el pasado 12 de marzo. La segunda clase ser\u00e1 el 16 de abril de 2020, en la modalidad virtual. Inscripci\u00f3n abierta hasta el 16\/4.<\/p>\n<p>Derecho Notarial, Registral e Inmobiliario \u2192 Reprogramaci\u00f3n: iniciar\u00e1 el 6 de mayo de 2020. Inscripci\u00f3n abierta.<\/p>\n<p>Derecho Procesal Civil \u2192 Reprogramaci\u00f3n: iniciar\u00e1 el 7 de agosto de 2020. Inscripci\u00f3n abierta.<\/p>\n<p>Derecho Procesal Penal \u2192 Reprogramaci\u00f3n: iniciar\u00e1 el 4 de junio de 2020. Inscripci\u00f3n abierta.<\/p>\n<p>Derecho Sucesorio \u2192 Reprogramaci\u00f3n: iniciar\u00e1 el 7 y 8 de agosto de 2020. Inscripci\u00f3n abierta.<\/p>\n<p>Para informarse sobre c\u00f3mo completar la inscripci\u00f3n, ingresar aqu\u00ed: <a href=\"https:\/\/www.fcjs.unl.edu.ar\/ver-noticia\/?nid=44580\" target=\"_blank\" rel=\"noopener\">https:\/\/www.fcjs.unl.edu.ar\/ver-noticia\/?nid=44580<\/a><\/p>\n<p>Consultas y atenci\u00f3n al p\u00fablico<\/p>\n<p>La atenci\u00f3n al p\u00fablico en la Secretar\u00eda de Posgrado de la FCJS se encuentra suspendida, por el momento, hasta el 12 de abril de 2020.<\/p>\n<p>Mientras tanto, la atenci\u00f3n ser\u00e1 online y las consultas se recibir\u00e1n por correo electr\u00f3nico a <a href=\"mailto:posgrado@fcjs.unl.edu.ar\" target=\"_blank\" rel=\"noopener\">posgrado@fcjs.unl.edu.ar<\/a> o <a href=\"mailto:inscripcionposgrado@fcjs.unl.edu.ar\" target=\"_blank\" rel=\"noopener\">inscripcionposgrado@fcjs.unl.edu.ar<\/a>; o v\u00eda WhatsApp (de lunes a viernes, de 9 a 13): +54 9 342 4635530.<\/p>\n<p>Para consultas sobre cursos y jornadas de posgrado, se puede escribir un e-mail a: <a href=\"mailto:nbalestra@fcjs.unl.edu.ar\" target=\"_blank\" rel=\"noopener\">nbalestra@fcjs.unl.edu.ar<\/a> o <a href=\"mailto:mrostan@fcjs.unl.edu.ar\" target=\"_blank\" rel=\"noopener\">mrostan@fcjs.unl.edu.ar<\/a><\/p>\n","protected":false},"excerpt":{"rendered":"<p>Publicado 08 de abril 2020 Debido a las medidas de prevenci\u00f3n tomadas por el Ejecutivo Nacional y por Universidad Nacional del Litoral (UNL) con respecto al COVID-19, la Facultad de Ciencias Jur\u00eddicas y Sociales (FCJS) reprograma el inicio de las carreras de posgrado previstas para este 2020. Esto\u00a0 tiene especial inter\u00e9s debido al convenio vigente [&#8230;]\n","protected":false},"author":2,"featured_media":8109,"comment_status":"closed","ping_status":"closed","sticky":false,"template":"","format":"standard","meta":[],"categories":[76,1],"tags":[],"_links":{"self":[{"href":"https:\/\/www.casf.org.ar\/colegio\/wp-json\/wp\/v2\/posts\/8108"}],"collection":[{"href":"https:\/\/www.casf.org.ar\/colegio\/wp-json\/wp\/v2\/posts"}],"about":[{"href":"https:\/\/www.casf.org.ar\/colegio\/wp-json\/wp\/v2\/types\/post"}],"author":[{"embeddable":true,"href":"https:\/\/www.casf.org.ar\/colegio\/wp-json\/wp\/v2\/users\/2"}],"replies":[{"embeddable":true,"href":"https:\/\/www.casf.org.ar\/colegio\/wp-json\/wp\/v2\/comments?post=8108"}],"version-history":[{"count":1,"href":"https:\/\/www.casf.org.ar\/colegio\/wp-json\/wp\/v2\/posts\/8108\/revisions"}],"predecessor-version":[{"id":12335,"href":"https:\/\/www.casf.org.ar\/colegio\/wp-json\/wp\/v2\/posts\/8108\/revisions\/12335"}],"wp:featuredmedia":[{"embeddable":true,"href":"https:\/\/www.casf.org.ar\/colegio\/wp-json\/"}],"wp:attachment":[{"href":"https:\/\/www.casf.org.ar\/colegio\/wp-json\/wp\/v2\/media?parent=8108"}],"wp:term":[{"taxonomy":"category","embeddable":true,"href":"https:\/\/www.casf.org.ar\/colegio\/wp-json\/wp\/v2\/categories?post=8108"},{"taxonomy":"post_tag","embeddable":true,"href":"https:\/\/www.casf.org.ar\/colegio\/wp-json\/wp\/v2\/tags?post=8108"}],"curies":[{"name":"wp","href":"https:\/\/api.w.org\/{rel}","templated":true}]}}