{"id":7742,"date":"2020-03-11T12:16:57","date_gmt":"2020-03-11T15:16:57","guid":{"rendered":"https:\/\/www.casf.org.ar\/colegio\/?p=7742"},"modified":"2021-08-23T14:19:41","modified_gmt":"2021-08-23T14:19:41","slug":"taller-de-teatro","status":"publish","type":"post","link":"https:\/\/www.casf.org.ar\/colegio\/2020\/03\/11\/taller-de-teatro\/","title":{"rendered":"Taller de Teatro"},"content":{"rendered":"<p class=\"western\" lang=\"es-ES\" align=\"right\"><span style=\"font-family: Verdana, sans-serif;\"><span style=\"font-size: small;\">Publicado: 11 de Marzo 2020<\/span><\/span><\/p>\n<p class=\"western\" lang=\"es-ES\" align=\"justify\"><span style=\"font-family: Verdana, sans-serif;\"><span style=\"font-size: small;\"><span lang=\"es-ES\">A trav\u00e9s de la <\/span><span lang=\"es-ES\"><i>Comisi\u00f3n de Cultura <\/i><\/span><span lang=\"es-ES\">informamos a los\/as interesados\/as la realizaci\u00f3n del <\/span><span lang=\"es-ES\"><i><b>Taller de Teatro, <\/b><\/i><\/span><span lang=\"es-ES\">el cual se desarrollar\u00e1 en nuestra sede a partir del <\/span><span lang=\"es-ES\"><i><b>martes 31 de Marzo de 2020, <\/b><\/i><\/span><span lang=\"es-ES\">siendo Entrenador Adri\u00e1n Airala. <\/span><\/span><\/span><\/p>\n<p class=\"western\" lang=\"es-ES\" align=\"justify\"><span style=\"font-family: Verdana, sans-serif;\"><span style=\"font-size: small;\"><span lang=\"es-ES\">En esta oportunidad se ha dividido esta propuesta en dos niveles. Nivel 1: Martes, de 19 a 21 horas (Sal\u00f3n de Usos M\u00faltiples del Colegio, 3 de Febrero 2743 \u2013 4\u00ba Piso). Nivel 2: Mi\u00e9rcoles, de 19 a 21 horas (Sal\u00f3n Gregorio Parera de la Casa del Foro, 3 de Febrero 2761, Planta Baja). <\/span><\/span><\/span><\/p>\n<p class=\"western\" lang=\"es-ES\" align=\"justify\"><span style=\"font-family: Verdana, sans-serif;\"><span style=\"font-size: small;\"><span lang=\"es-ES\">El costo mensual ha sido fijado para matriculados\/as en $ 1.000, y para p\u00fablico en general en $ 1.200.<\/span><\/span><\/span><\/p>\n<p class=\"western\" lang=\"es-ES\" align=\"justify\"><span style=\"font-family: Verdana, sans-serif;\"><span style=\"font-size: small;\">Los\/as interesados\/as deber\u00e1n inscribirse en la Mesa de Entradas del CASF (Anexo profesional, 3 de Febrero 2743, Planta Baja).<\/span><\/span><\/p>\n<p class=\"western\" lang=\"es-ES\" align=\"justify\"><span style=\"font-family: Verdana, sans-serif;\"><span style=\"font-size: small;\">Mayores informes en el siguiente contacto (0342) 156-126437<\/span><\/span><\/p>\n","protected":false},"excerpt":{"rendered":"<p>Publicado: 11 de Marzo 2020 A trav\u00e9s de la Comisi\u00f3n de Cultura informamos a los\/as interesados\/as la realizaci\u00f3n del Taller de Teatro, el cual se desarrollar\u00e1 en nuestra sede a partir del martes 31 de Marzo de 2020, siendo Entrenador Adri\u00e1n Airala. En esta oportunidad se ha dividido esta propuesta en dos niveles. Nivel 1: [&#8230;]\n","protected":false},"author":2,"featured_media":7743,"comment_status":"closed","ping_status":"closed","sticky":false,"template":"","format":"standard","meta":[],"categories":[76,1],"tags":[],"_links":{"self":[{"href":"https:\/\/www.casf.org.ar\/colegio\/wp-json\/wp\/v2\/posts\/7742"}],"collection":[{"href":"https:\/\/www.casf.org.ar\/colegio\/wp-json\/wp\/v2\/posts"}],"about":[{"href":"https:\/\/www.casf.org.ar\/colegio\/wp-json\/wp\/v2\/types\/post"}],"author":[{"embeddable":true,"href":"https:\/\/www.casf.org.ar\/colegio\/wp-json\/wp\/v2\/users\/2"}],"replies":[{"embeddable":true,"href":"https:\/\/www.casf.org.ar\/colegio\/wp-json\/wp\/v2\/comments?post=7742"}],"version-history":[{"count":1,"href":"https:\/\/www.casf.org.ar\/colegio\/wp-json\/wp\/v2\/posts\/7742\/revisions"}],"predecessor-version":[{"id":12345,"href":"https:\/\/www.casf.org.ar\/colegio\/wp-json\/wp\/v2\/posts\/7742\/revisions\/12345"}],"wp:featuredmedia":[{"embeddable":true,"href":"https:\/\/www.casf.org.ar\/colegio\/wp-json\/"}],"wp:attachment":[{"href":"https:\/\/www.casf.org.ar\/colegio\/wp-json\/wp\/v2\/media?parent=7742"}],"wp:term":[{"taxonomy":"category","embeddable":true,"href":"https:\/\/www.casf.org.ar\/colegio\/wp-json\/wp\/v2\/categories?post=7742"},{"taxonomy":"post_tag","embeddable":true,"href":"https:\/\/www.casf.org.ar\/colegio\/wp-json\/wp\/v2\/tags?post=7742"}],"curies":[{"name":"wp","href":"https:\/\/api.w.org\/{rel}","templated":true}]}}