{"id":7546,"date":"2020-02-17T10:40:52","date_gmt":"2020-02-17T13:40:52","guid":{"rendered":"https:\/\/www.casf.org.ar\/colegio\/?p=7546"},"modified":"2020-02-17T10:40:52","modified_gmt":"2020-02-17T13:40:52","slug":"el-casf-evaluo-tareas-en-conjunto-con-areas-de-la-municipalidad-de-santa-fe","status":"publish","type":"post","link":"https:\/\/www.casf.org.ar\/colegio\/2020\/02\/17\/el-casf-evaluo-tareas-en-conjunto-con-areas-de-la-municipalidad-de-santa-fe\/","title":{"rendered":"El CASF evalu\u00f3 tareas en conjunto con \u00c1reas de la Municipalidad de Santa Fe"},"content":{"rendered":"<p style=\"text-align: right;\">Publicado: 17 de Febrero 2020<\/p>\n<p style=\"text-align: justify;\">Representantes del Directorio del Colegio mantuvieron un encuentro con la Direcci\u00f3n de Derechos y Vinculaci\u00f3n Ciudadana y la Direcci\u00f3n de Derechos Humanos e Integraci\u00f3n de la Municipalidad de Santa Fe, en cuyo marco se convers\u00f3 y evalu\u00f3 favorablemente la posibilidad de articular tareas en conjunto.<\/p>\n<p style=\"text-align: justify;\">Dentro de los temas de inter\u00e9s abordados, entre otros, cabe mencionar:<\/p>\n<ul style=\"text-align: justify;\">\n<li>Jornadas por el \u00abD\u00eda Nacional de la Memoria\u00bb;<\/li>\n<li>Consultorios Jur\u00eddicos Gratuitos: l\u00edmites a su actuaci\u00f3n y necesidad de respetar las incumbencias profesionales;<\/li>\n<li>Convenio de cooperaci\u00f3n conjunta;<\/li>\n<li>Educaci\u00f3n a la ciudadan\u00eda en temas jur\u00eddicos;<\/li>\n<\/ul>\n<p style=\"text-align: justify;\"><em>El Colegio, TU GREMIO.<\/em><\/p>\n<p style=\"text-align: justify;\">\n","protected":false},"excerpt":{"rendered":"<p>Publicado: 17 de Febrero 2020 Representantes del Directorio del Colegio mantuvieron un encuentro con la Direcci\u00f3n de Derechos y Vinculaci\u00f3n Ciudadana y la Direcci\u00f3n de Derechos Humanos e Integraci\u00f3n de la Municipalidad de Santa Fe, en cuyo marco se convers\u00f3 y evalu\u00f3 favorablemente la posibilidad de articular tareas en conjunto. Dentro de los temas de [&#8230;]\n","protected":false},"author":2,"featured_media":7547,"comment_status":"closed","ping_status":"closed","sticky":false,"template":"","format":"standard","meta":[],"categories":[74],"tags":[],"_links":{"self":[{"href":"https:\/\/www.casf.org.ar\/colegio\/wp-json\/wp\/v2\/posts\/7546"}],"collection":[{"href":"https:\/\/www.casf.org.ar\/colegio\/wp-json\/wp\/v2\/posts"}],"about":[{"href":"https:\/\/www.casf.org.ar\/colegio\/wp-json\/wp\/v2\/types\/post"}],"author":[{"embeddable":true,"href":"https:\/\/www.casf.org.ar\/colegio\/wp-json\/wp\/v2\/users\/2"}],"replies":[{"embeddable":true,"href":"https:\/\/www.casf.org.ar\/colegio\/wp-json\/wp\/v2\/comments?post=7546"}],"version-history":[{"count":0,"href":"https:\/\/www.casf.org.ar\/colegio\/wp-json\/wp\/v2\/posts\/7546\/revisions"}],"wp:featuredmedia":[{"embeddable":true,"href":"https:\/\/www.casf.org.ar\/colegio\/wp-json\/"}],"wp:attachment":[{"href":"https:\/\/www.casf.org.ar\/colegio\/wp-json\/wp\/v2\/media?parent=7546"}],"wp:term":[{"taxonomy":"category","embeddable":true,"href":"https:\/\/www.casf.org.ar\/colegio\/wp-json\/wp\/v2\/categories?post=7546"},{"taxonomy":"post_tag","embeddable":true,"href":"https:\/\/www.casf.org.ar\/colegio\/wp-json\/wp\/v2\/tags?post=7546"}],"curies":[{"name":"wp","href":"https:\/\/api.w.org\/{rel}","templated":true}]}}