{"id":25095,"date":"2025-07-21T07:30:36","date_gmt":"2025-07-21T10:30:36","guid":{"rendered":"https:\/\/www.casf.org.ar\/colegio\/?p=25095"},"modified":"2025-07-21T07:30:36","modified_gmt":"2025-07-21T10:30:36","slug":"no-existe-la-industria-del-juicio-inadmisibles-ofensas-contra-los-abogados","status":"publish","type":"post","link":"https:\/\/www.casf.org.ar\/colegio\/2025\/07\/21\/no-existe-la-industria-del-juicio-inadmisibles-ofensas-contra-los-abogados\/","title":{"rendered":"NO EXISTE LA INDUSTRIA DEL JUICIO: INADMISIBLES OFENSAS CONTRA LOS ABOGADOS"},"content":{"rendered":"<p><a href=\"https:\/\/www.casf.org.ar\/colegio\/wp-content\/uploads\/2025\/07\/no-existe-la-industria-del-juicio_web.jpg\"><img decoding=\"async\" loading=\"lazy\" class=\"size-medium wp-image-25096 aligncenter\" src=\"https:\/\/www.casf.org.ar\/colegio\/wp-content\/uploads\/2025\/07\/no-existe-la-industria-del-juicio_web-320x400.jpg\" alt=\"\" width=\"320\" height=\"400\" srcset=\"https:\/\/www.casf.org.ar\/colegio\/wp-content\/uploads\/2025\/07\/no-existe-la-industria-del-juicio_web-320x400.jpg 320w, https:\/\/www.casf.org.ar\/colegio\/wp-content\/uploads\/2025\/07\/no-existe-la-industria-del-juicio_web.jpg 500w\" sizes=\"(max-width: 320px) 100vw, 320px\" \/><\/a><\/p>\n<p>Desde el Colegio de Profesionales de la Abogac\u00eda de Santa Fe (Primera Circunscripci\u00f3n), manifestamos nuestro profundo rechazo al uso que se viene realizando con la frase \u201cindustria del juicio laboral\u201d, la cual es empleada en forma generalizada, prejuiciosa, y peyorativa para atacar la tarea profesional de los abogados y abogadas que intervienen en defensa de los derechos de la persona trabajadora.<br \/>\nEntendemos en tal sentido que con dicha expresi\u00f3n se pretende:<br \/>\n* Descalificar injustamente la labor profesional, sin distinci\u00f3n, de quienes ejercen leg\u00edtimamente la defensa de los derechos laborales .<br \/>\n* Contribuye a estigmatizar a quienes, con \u00e9tica y responsabilidad, acompa\u00f1an a trabajadores y trabajadoras en su reclamo judicial, protegiendo derechos constitucionales y convencionales.<br \/>\n* Omite se\u00f1alar que la ra\u00edz de la litigiosidad laboral muchas veces radica en incumplimientos de normas de seguridad, falta de aportes, precarizaci\u00f3n, deficiencias en los sistemas administrativos previos al juicio, incumplimientos de haberes e indemnizaciones en tiempo y forma..<br \/>\nLa reducci\u00f3n de los juicios laborales no se logra mediante expresiones que estigmatizan a quienes defienden derechos, sino promoviendo el cumplimiento de la normativa en materia de higiene y seguridad en el trabajo, de la normativa laboral y previsional vigente, y de un sistema judicial con no premie al deudor incumplidor benefici\u00e1ndolo con tasas de inter\u00e9s sustancialmente menores al proceso inflacionario.<br \/>\nPor ello es que en defensa del ejercicio libre, digno y responsable de la profesi\u00f3n, se solicita el cese inmediato del uso peyorativo del concepto \u201cindustria del juicio laboral\u201d al referirse a la profesi\u00f3n jur\u00eddica; que se realice un enfoque riguroso y diferenciado de los fen\u00f3menos de litigiosidad, basado en evidencias y no en discursos simplistas; y que en el caso de situaciones concretas de supuestas malas pr\u00e1cticas, se presenten las denuncias correspondientes ante el Tribunal de \u00c9tica profesional para que se investigue fehacientemente.<br \/>\nEl Colegio de Profesionales de la Abogac\u00eda de Santa Fe reafirma su compromiso con una justicia laboral accesible, t\u00e9cnica y de calidad, donde los profesionales act\u00faen es resguardo del Estado de derecho y las garant\u00edas constitucionales en juego.<\/p>\n","protected":false},"excerpt":{"rendered":"<p>Desde el Colegio de Profesionales de la Abogac\u00eda de Santa Fe (Primera Circunscripci\u00f3n), manifestamos nuestro profundo rechazo al uso que se viene realizando con la frase \u201cindustria del juicio laboral\u201d, la cual es empleada en forma generalizada, prejuiciosa, y peyorativa para atacar la tarea profesional de los abogados y abogadas que intervienen en defensa de [&#8230;]\n","protected":false},"author":11,"featured_media":0,"comment_status":"closed","ping_status":"closed","sticky":false,"template":"","format":"standard","meta":[],"categories":[74],"tags":[],"_links":{"self":[{"href":"https:\/\/www.casf.org.ar\/colegio\/wp-json\/wp\/v2\/posts\/25095"}],"collection":[{"href":"https:\/\/www.casf.org.ar\/colegio\/wp-json\/wp\/v2\/posts"}],"about":[{"href":"https:\/\/www.casf.org.ar\/colegio\/wp-json\/wp\/v2\/types\/post"}],"author":[{"embeddable":true,"href":"https:\/\/www.casf.org.ar\/colegio\/wp-json\/wp\/v2\/users\/11"}],"replies":[{"embeddable":true,"href":"https:\/\/www.casf.org.ar\/colegio\/wp-json\/wp\/v2\/comments?post=25095"}],"version-history":[{"count":1,"href":"https:\/\/www.casf.org.ar\/colegio\/wp-json\/wp\/v2\/posts\/25095\/revisions"}],"predecessor-version":[{"id":25097,"href":"https:\/\/www.casf.org.ar\/colegio\/wp-json\/wp\/v2\/posts\/25095\/revisions\/25097"}],"wp:attachment":[{"href":"https:\/\/www.casf.org.ar\/colegio\/wp-json\/wp\/v2\/media?parent=25095"}],"wp:term":[{"taxonomy":"category","embeddable":true,"href":"https:\/\/www.casf.org.ar\/colegio\/wp-json\/wp\/v2\/categories?post=25095"},{"taxonomy":"post_tag","embeddable":true,"href":"https:\/\/www.casf.org.ar\/colegio\/wp-json\/wp\/v2\/tags?post=25095"}],"curies":[{"name":"wp","href":"https:\/\/api.w.org\/{rel}","templated":true}]}}