{"id":20118,"date":"2023-09-12T17:03:02","date_gmt":"2023-09-12T20:03:02","guid":{"rendered":"https:\/\/www.casf.org.ar\/colegio\/?p=20118"},"modified":"2023-09-26T08:01:06","modified_gmt":"2023-09-26T11:01:06","slug":"en-el-dia-internacional-de-la-paz-y-dia-del-mediador-prejudicial-santafesino","status":"publish","type":"post","link":"https:\/\/www.casf.org.ar\/colegio\/2023\/09\/12\/en-el-dia-internacional-de-la-paz-y-dia-del-mediador-prejudicial-santafesino\/","title":{"rendered":"En el d\u00eda Internacional de la Paz y d\u00eda del Mediador Prejudicial Santafesino"},"content":{"rendered":"<p><a href=\"https:\/\/www.casf.org.ar\/colegio\/wp-content\/uploads\/2023\/09\/dia-del-mediador-2023-09-12-at-14.00.05_web.jpg\"><img decoding=\"async\" loading=\"lazy\" class=\"size-medium wp-image-20119 aligncenter\" src=\"https:\/\/www.casf.org.ar\/colegio\/wp-content\/uploads\/2023\/09\/dia-del-mediador-2023-09-12-at-14.00.05_web-400x400.jpg\" alt=\"\" width=\"400\" height=\"400\" srcset=\"https:\/\/www.casf.org.ar\/colegio\/wp-content\/uploads\/2023\/09\/dia-del-mediador-2023-09-12-at-14.00.05_web-400x400.jpg 400w, https:\/\/www.casf.org.ar\/colegio\/wp-content\/uploads\/2023\/09\/dia-del-mediador-2023-09-12-at-14.00.05_web-280x280.jpg 280w, https:\/\/www.casf.org.ar\/colegio\/wp-content\/uploads\/2023\/09\/dia-del-mediador-2023-09-12-at-14.00.05_web-300x300.jpg 300w, https:\/\/www.casf.org.ar\/colegio\/wp-content\/uploads\/2023\/09\/dia-del-mediador-2023-09-12-at-14.00.05_web-100x100.jpg 100w, https:\/\/www.casf.org.ar\/colegio\/wp-content\/uploads\/2023\/09\/dia-del-mediador-2023-09-12-at-14.00.05_web.jpg 440w\" sizes=\"(max-width: 400px) 100vw, 400px\" \/><\/a><\/p>\n<p>Los invitamos a participar en la actividad inscribi\u00e9ndose en el siguiente formulario:<\/p>\n<p>Organizan: Centro de Mediaci\u00f3n &#8211; Instituto de Medios de Resoluci\u00f3n de Conflictos &#8211; Instituci\u00f3n Formadora Nro. 25<\/p>\n<h3 class=\"accordion_title\">Formulario de inscripci\u00f3n<\/h3><div class=\"accordion\" rel=\"\">\n<div class=\"accordion-item\"><a href=\"#\" class=\"accordion-title plain\"><button class=\"toggle\"><i class=\"icon-angle-down\"><\/i><\/button><span>Complete el formulario de inscripci\u00f3n<\/span><\/a><div class=\"accordion-inner\">\n<strong>Inscripci\u00f3n online finalizada. Puede acercarse al momento del evento.<\/strong><br \/>\n<\/div><\/div>\n<\/div>\n","protected":false},"excerpt":{"rendered":"<p>Los invitamos a participar en la actividad inscribi\u00e9ndose en el siguiente formulario: Organizan: Centro de Mediaci\u00f3n &#8211; Instituto de Medios de Resoluci\u00f3n de Conflictos &#8211; Instituci\u00f3n Formadora Nro. 25<\/p>\n","protected":false},"author":11,"featured_media":0,"comment_status":"closed","ping_status":"closed","sticky":false,"template":"","format":"standard","meta":[],"categories":[76],"tags":[],"_links":{"self":[{"href":"https:\/\/www.casf.org.ar\/colegio\/wp-json\/wp\/v2\/posts\/20118"}],"collection":[{"href":"https:\/\/www.casf.org.ar\/colegio\/wp-json\/wp\/v2\/posts"}],"about":[{"href":"https:\/\/www.casf.org.ar\/colegio\/wp-json\/wp\/v2\/types\/post"}],"author":[{"embeddable":true,"href":"https:\/\/www.casf.org.ar\/colegio\/wp-json\/wp\/v2\/users\/11"}],"replies":[{"embeddable":true,"href":"https:\/\/www.casf.org.ar\/colegio\/wp-json\/wp\/v2\/comments?post=20118"}],"version-history":[{"count":6,"href":"https:\/\/www.casf.org.ar\/colegio\/wp-json\/wp\/v2\/posts\/20118\/revisions"}],"predecessor-version":[{"id":20155,"href":"https:\/\/www.casf.org.ar\/colegio\/wp-json\/wp\/v2\/posts\/20118\/revisions\/20155"}],"wp:attachment":[{"href":"https:\/\/www.casf.org.ar\/colegio\/wp-json\/wp\/v2\/media?parent=20118"}],"wp:term":[{"taxonomy":"category","embeddable":true,"href":"https:\/\/www.casf.org.ar\/colegio\/wp-json\/wp\/v2\/categories?post=20118"},{"taxonomy":"post_tag","embeddable":true,"href":"https:\/\/www.casf.org.ar\/colegio\/wp-json\/wp\/v2\/tags?post=20118"}],"curies":[{"name":"wp","href":"https:\/\/api.w.org\/{rel}","templated":true}]}}