{"id":18986,"date":"2023-05-16T16:47:46","date_gmt":"2023-05-16T19:47:46","guid":{"rendered":"https:\/\/www.casf.org.ar\/colegio\/?p=18986"},"modified":"2023-09-26T08:01:10","modified_gmt":"2023-09-26T11:01:10","slug":"anses-paralizada-no-hay-turnos","status":"publish","type":"post","link":"https:\/\/www.casf.org.ar\/colegio\/2023\/05\/16\/anses-paralizada-no-hay-turnos\/","title":{"rendered":"ANSES PARALIZADA: NO HAY TURNOS."},"content":{"rendered":"<p><a href=\"https:\/\/www.casf.org.ar\/colegio\/wp-content\/uploads\/2022\/10\/fecasfe.png\"><img decoding=\"async\" loading=\"lazy\" class=\"wp-image-18265 aligncenter\" src=\"https:\/\/www.casf.org.ar\/colegio\/wp-content\/uploads\/2022\/10\/fecasfe-400x400.png\" alt=\"\" width=\"167\" height=\"167\" srcset=\"https:\/\/www.casf.org.ar\/colegio\/wp-content\/uploads\/2022\/10\/fecasfe-400x400.png 400w, https:\/\/www.casf.org.ar\/colegio\/wp-content\/uploads\/2022\/10\/fecasfe-800x800.png 800w, https:\/\/www.casf.org.ar\/colegio\/wp-content\/uploads\/2022\/10\/fecasfe-280x280.png 280w, https:\/\/www.casf.org.ar\/colegio\/wp-content\/uploads\/2022\/10\/fecasfe-768x768.png 768w, https:\/\/www.casf.org.ar\/colegio\/wp-content\/uploads\/2022\/10\/fecasfe-300x300.png 300w, https:\/\/www.casf.org.ar\/colegio\/wp-content\/uploads\/2022\/10\/fecasfe-600x600.png 600w, https:\/\/www.casf.org.ar\/colegio\/wp-content\/uploads\/2022\/10\/fecasfe-100x100.png 100w, https:\/\/www.casf.org.ar\/colegio\/wp-content\/uploads\/2022\/10\/fecasfe.png 1080w\" sizes=\"(max-width: 167px) 100vw, 167px\" \/><\/a><\/p>\n<p>&nbsp;<\/p>\n<h1 style=\"text-align: center\"><strong>ANSES PARALIZADA: NO HAY TURNOS.<\/strong><\/h1>\n<div><\/div>\n<h3>La Federaci\u00f3n de Colegios de la Abogac\u00eda de la Provincia de Santa Fe manifiesta su preocupaci\u00f3n por la grave afectaci\u00f3n de los derechos de la ciudadan\u00eda, imposibilitada de iniciar sus tr\u00e1mites previsionales (jubilaciones, pensiones, retiros por incapacidad, reajustes) ante ANSES.<\/h3>\n<h3>La inexistencia de turnos vulnera la garant\u00eda constitucional de peticionar a las autoridades.<\/h3>\n<h3>La falta de respuesta del organismo agrava a\u00fan m\u00e1s la situaci\u00f3n, denotando un peligroso desinter\u00e9s en la atenci\u00f3n de uno de los colectivos m\u00e1s vulnerables de la sociedad, nuestras personas mayores.<\/h3>\n","protected":false},"excerpt":{"rendered":"<p>&nbsp; ANSES PARALIZADA: NO HAY TURNOS. La Federaci\u00f3n de Colegios de la Abogac\u00eda de la Provincia de Santa Fe manifiesta su preocupaci\u00f3n por la grave afectaci\u00f3n de los derechos de la ciudadan\u00eda, imposibilitada de iniciar sus tr\u00e1mites previsionales (jubilaciones, pensiones, retiros por incapacidad, reajustes) ante ANSES. La inexistencia de turnos vulnera la garant\u00eda constitucional de [&#8230;]\n","protected":false},"author":14,"featured_media":0,"comment_status":"closed","ping_status":"closed","sticky":false,"template":"","format":"standard","meta":[],"categories":[70,75],"tags":[],"_links":{"self":[{"href":"https:\/\/www.casf.org.ar\/colegio\/wp-json\/wp\/v2\/posts\/18986"}],"collection":[{"href":"https:\/\/www.casf.org.ar\/colegio\/wp-json\/wp\/v2\/posts"}],"about":[{"href":"https:\/\/www.casf.org.ar\/colegio\/wp-json\/wp\/v2\/types\/post"}],"author":[{"embeddable":true,"href":"https:\/\/www.casf.org.ar\/colegio\/wp-json\/wp\/v2\/users\/14"}],"replies":[{"embeddable":true,"href":"https:\/\/www.casf.org.ar\/colegio\/wp-json\/wp\/v2\/comments?post=18986"}],"version-history":[{"count":1,"href":"https:\/\/www.casf.org.ar\/colegio\/wp-json\/wp\/v2\/posts\/18986\/revisions"}],"predecessor-version":[{"id":18987,"href":"https:\/\/www.casf.org.ar\/colegio\/wp-json\/wp\/v2\/posts\/18986\/revisions\/18987"}],"wp:attachment":[{"href":"https:\/\/www.casf.org.ar\/colegio\/wp-json\/wp\/v2\/media?parent=18986"}],"wp:term":[{"taxonomy":"category","embeddable":true,"href":"https:\/\/www.casf.org.ar\/colegio\/wp-json\/wp\/v2\/categories?post=18986"},{"taxonomy":"post_tag","embeddable":true,"href":"https:\/\/www.casf.org.ar\/colegio\/wp-json\/wp\/v2\/tags?post=18986"}],"curies":[{"name":"wp","href":"https:\/\/api.w.org\/{rel}","templated":true}]}}