{"id":18923,"date":"2023-05-08T11:17:10","date_gmt":"2023-05-08T14:17:10","guid":{"rendered":"https:\/\/www.casf.org.ar\/colegio\/?p=18923"},"modified":"2023-09-26T08:01:11","modified_gmt":"2023-09-26T11:01:11","slug":"seminario-de-derecho-del-trabajo-universidad-nacional-de-mar-del-plata","status":"publish","type":"post","link":"https:\/\/www.casf.org.ar\/colegio\/2023\/05\/08\/seminario-de-derecho-del-trabajo-universidad-nacional-de-mar-del-plata\/","title":{"rendered":"Seminario de Derecho del Trabajo &#8211; Universidad Nacional de Mar del Plata"},"content":{"rendered":"<p>Contin\u00faa abierta la inscripci\u00f3n al SEMINARIO DE DERECHO DEL TRABAJO: \u00daltimas vacantes&#x203c;&#xfe0f;<\/p>\n<p>&#x2705; Derecho individual \u2013 Riesgos del trabajo \u2013 Derecho colectivo \u2013 Derecho procesal \u2013 Derecho previsional<\/p>\n<p>&#x1f393; Cuerpo docente de excelencia<\/p>\n<p>&#x1f58b;&#xfe0f; Direcci\u00f3n: Dr. Juan Formaro<br \/>\nCoordinaci\u00f3n:<\/p>\n<p>&#x26a0;&#xfe0f; Actividad no arancelada<\/p>\n<p>&#x1f3db;&#xfe0f; Certificado OPTATIVO cumpliendo 70% de asistencia al total del Seminario. Emitido por la Facultad de Derecho &#8211; Universidad Nacional de Mar del Plata (costo del certificado $2000 -total- a favor de la Facultad)<\/p>\n<p>&#x23f0; D\u00edas y horario de cursada: martes de 18.30 a 20 hs.<\/p>\n<p>&#x1f5d3;&#xfe0f; Inicio: 16\/5<\/p>\n<p>&#x27a1;&#xfe0f; Inscripci\u00f3n a trav\u00e9s del siguiente link: <a href=\"https:\/\/www.casi.com.ar\/2023TRABAJO1\" target=\"_blank\" rel=\"noopener\">https:\/\/www.casi.com.ar\/2023TRABAJO1<\/a><\/p>\n<p>Ver <a href=\"https:\/\/docs.google.com\/presentation\/d\/1dFALBiCsUMxNa-YXy-UoDMJUoxfx5g-4\/edit?usp=share_link&amp;ouid=111753433600996144860&amp;rtpof=true&amp;sd=true\" target=\"_blank\" rel=\"noopener\">Cronograma de actividades<\/a><\/p>\n","protected":false},"excerpt":{"rendered":"<p>Contin\u00faa abierta la inscripci\u00f3n al SEMINARIO DE DERECHO DEL TRABAJO: \u00daltimas vacantes&#x203c;&#xfe0f; &#x2705; Derecho individual \u2013 Riesgos del trabajo \u2013 Derecho colectivo \u2013 Derecho procesal \u2013 Derecho previsional &#x1f393; Cuerpo docente de excelencia &#x1f58b;&#xfe0f; Direcci\u00f3n: Dr. Juan Formaro Coordinaci\u00f3n: &#x26a0;&#xfe0f; Actividad no arancelada &#x1f3db;&#xfe0f; Certificado OPTATIVO cumpliendo 70% de asistencia al total del Seminario. Emitido [&#8230;]\n","protected":false},"author":11,"featured_media":0,"comment_status":"closed","ping_status":"closed","sticky":false,"template":"","format":"standard","meta":[],"categories":[76],"tags":[],"_links":{"self":[{"href":"https:\/\/www.casf.org.ar\/colegio\/wp-json\/wp\/v2\/posts\/18923"}],"collection":[{"href":"https:\/\/www.casf.org.ar\/colegio\/wp-json\/wp\/v2\/posts"}],"about":[{"href":"https:\/\/www.casf.org.ar\/colegio\/wp-json\/wp\/v2\/types\/post"}],"author":[{"embeddable":true,"href":"https:\/\/www.casf.org.ar\/colegio\/wp-json\/wp\/v2\/users\/11"}],"replies":[{"embeddable":true,"href":"https:\/\/www.casf.org.ar\/colegio\/wp-json\/wp\/v2\/comments?post=18923"}],"version-history":[{"count":3,"href":"https:\/\/www.casf.org.ar\/colegio\/wp-json\/wp\/v2\/posts\/18923\/revisions"}],"predecessor-version":[{"id":18934,"href":"https:\/\/www.casf.org.ar\/colegio\/wp-json\/wp\/v2\/posts\/18923\/revisions\/18934"}],"wp:attachment":[{"href":"https:\/\/www.casf.org.ar\/colegio\/wp-json\/wp\/v2\/media?parent=18923"}],"wp:term":[{"taxonomy":"category","embeddable":true,"href":"https:\/\/www.casf.org.ar\/colegio\/wp-json\/wp\/v2\/categories?post=18923"},{"taxonomy":"post_tag","embeddable":true,"href":"https:\/\/www.casf.org.ar\/colegio\/wp-json\/wp\/v2\/tags?post=18923"}],"curies":[{"name":"wp","href":"https:\/\/api.w.org\/{rel}","templated":true}]}}