{"id":18768,"date":"2022-12-26T17:39:04","date_gmt":"2022-12-26T20:39:04","guid":{"rendered":"https:\/\/www.casf.org.ar\/colegio\/?p=18768"},"modified":"2023-09-26T08:01:18","modified_gmt":"2023-09-26T11:01:18","slug":"18768","status":"publish","type":"post","link":"https:\/\/www.casf.org.ar\/colegio\/2022\/12\/26\/18768\/","title":{"rendered":"Juramento nuevos Abogados\/as"},"content":{"rendered":"<p>Publicado 26 de diciembre de 2022<\/p>\n<p>El CASF dio formalmente la bienvenida a los nuevos matriculados\/as correspondientes al Juramento del mes de Diciembre del corriente a\u00f1o, quienes fueron recibidos en la sede del CASF el 26\/12, luego de la Jura desarrollada en la Corte Suprema de Justicia. La oportunidad fue propicia para entregarles material de inter\u00e9s.<br \/>\nD\u00edas previos tuvieron la capacitaci\u00f3n obligatoria sobre G\u00e9nero y v\u00eda Zoom sobre cuestiones \u00e9ticas tan indispensables en su \u00e1mbito de actuaci\u00f3n.<br \/>\nEl CASF est\u00e1 abierto a sus inquietudes y los invita a integrarse a sus institutos y comisiones.<br \/>\nLa n\u00f3mina de los abogados\/as que juraron es la siguiente:<\/p>\n<p>PRISCILA DAMARIS SELENE ALVEZ SCHWINDT<br \/>\nFLORENCIA ANAHI BONAZZOLA<br \/>\nJUAN MANUEL DE PABLO<br \/>\nDECIO ESTEBAN DURANDO<br \/>\nMARINA AGUSTINA FAVARO<br \/>\nMARIA FLORENCIA GIANOTTI<br \/>\nCAMILA ARIADNA GOMEZ BARBERA<br \/>\nMARIA LAURA QUESTO<br \/>\nPILMAIQUEN CINTIA RUFENACHT<br \/>\nCAMILA SAPPIETRO<\/p>\n<p><a href=\"https:\/\/www.casf.org.ar\/colegio\/wp-content\/uploads\/2022\/12\/WhatsApp-Image-2022-12-26-Dic-Parera.jpeg\"><img decoding=\"async\" loading=\"lazy\" class=\"alignnone size-full wp-image-18765\" src=\"https:\/\/www.casf.org.ar\/colegio\/wp-content\/uploads\/2022\/12\/WhatsApp-Image-2022-12-26-Dic-Parera.jpeg\" alt=\"\" width=\"440\" height=\"293\" \/><\/a><\/p>\n","protected":false},"excerpt":{"rendered":"<p>Publicado 26 de diciembre de 2022 El CASF dio formalmente la bienvenida a los nuevos matriculados\/as correspondientes al Juramento del mes de Diciembre del corriente a\u00f1o, quienes fueron recibidos en la sede del CASF el 26\/12, luego de la Jura desarrollada en la Corte Suprema de Justicia. La oportunidad fue propicia para entregarles material de [&#8230;]\n","protected":false},"author":11,"featured_media":0,"comment_status":"closed","ping_status":"closed","sticky":false,"template":"","format":"standard","meta":[],"categories":[75],"tags":[],"_links":{"self":[{"href":"https:\/\/www.casf.org.ar\/colegio\/wp-json\/wp\/v2\/posts\/18768"}],"collection":[{"href":"https:\/\/www.casf.org.ar\/colegio\/wp-json\/wp\/v2\/posts"}],"about":[{"href":"https:\/\/www.casf.org.ar\/colegio\/wp-json\/wp\/v2\/types\/post"}],"author":[{"embeddable":true,"href":"https:\/\/www.casf.org.ar\/colegio\/wp-json\/wp\/v2\/users\/11"}],"replies":[{"embeddable":true,"href":"https:\/\/www.casf.org.ar\/colegio\/wp-json\/wp\/v2\/comments?post=18768"}],"version-history":[{"count":2,"href":"https:\/\/www.casf.org.ar\/colegio\/wp-json\/wp\/v2\/posts\/18768\/revisions"}],"predecessor-version":[{"id":18770,"href":"https:\/\/www.casf.org.ar\/colegio\/wp-json\/wp\/v2\/posts\/18768\/revisions\/18770"}],"wp:attachment":[{"href":"https:\/\/www.casf.org.ar\/colegio\/wp-json\/wp\/v2\/media?parent=18768"}],"wp:term":[{"taxonomy":"category","embeddable":true,"href":"https:\/\/www.casf.org.ar\/colegio\/wp-json\/wp\/v2\/categories?post=18768"},{"taxonomy":"post_tag","embeddable":true,"href":"https:\/\/www.casf.org.ar\/colegio\/wp-json\/wp\/v2\/tags?post=18768"}],"curies":[{"name":"wp","href":"https:\/\/api.w.org\/{rel}","templated":true}]}}