{"id":16914,"date":"2022-08-01T08:14:59","date_gmt":"2022-08-01T11:14:59","guid":{"rendered":"https:\/\/www.casf.org.ar\/colegio\/?p=16914"},"modified":"2023-09-26T08:01:32","modified_gmt":"2023-09-26T11:01:32","slug":"juramento-nuevos-abogados-as-5","status":"publish","type":"post","link":"https:\/\/www.casf.org.ar\/colegio\/2022\/08\/01\/juramento-nuevos-abogados-as-5\/","title":{"rendered":"Juramento nuevos Abogados\/as"},"content":{"rendered":"<p>Publicado 1 de agosto de 2022<\/p>\n<p>El CASF dio formalmente la bienvenida a los nuevos matriculados\/as correspondientes al Juramento del mes de Julio del corriente a\u00f1o, quienes fueron recibidos en la sede del CASF el 29\/07, luego de la Jura desarrollada en la Corte Suprema de Justicia. La oportunidad fue propicia para entregarles material de inter\u00e9s.<br \/>\nD\u00edas previos tuvieron la capacitaci\u00f3n obligatoria sobre G\u00e9nero y v\u00eda Zoom sobre cuestiones \u00e9ticas tan indispensables en su \u00e1mbito de actuaci\u00f3n.<br \/>\nEl CASF est\u00e1 abierto a sus inquietudes y los invita a integrarse a sus institutos y comisiones.<br \/>\nLa n\u00f3mina de los abogados\/as que juraron es la siguiente:<\/p>\n<p>ACTIS ALESINA, FATIMA NERINA<br \/>\nBASTIA. JEREMIAS<br \/>\nCHIOSSO, DANISA VERONICA<br \/>\nFORGIONI, MARCOS FEDERICO<br \/>\nGHISOLFI, BRUNO<br \/>\nMAURIG RIESTRA, MARIANA SOLEDAD<br \/>\nNU\u00d1EZ, MARIA AGUSTINA<br \/>\nROJAS, ANDREA BELEN<br \/>\nSCIME, MELINA BELKIS<br \/>\nTREJO, MARTIN GABRIEL<br \/>\nZUBER, EVELIN<\/p>\n<p><a href=\"https:\/\/www.casf.org.ar\/colegio\/wp-content\/uploads\/2022\/08\/WhatsApp-Image-2022-07-30-at-7.26.17-PM.jpeg\"><img decoding=\"async\" loading=\"lazy\" class=\"alignnone size-full wp-image-16918\" src=\"https:\/\/www.casf.org.ar\/colegio\/wp-content\/uploads\/2022\/08\/WhatsApp-Image-2022-07-30-at-7.26.17-PM.jpeg\" alt=\"\" width=\"440\" height=\"293\" \/><\/a><\/p>\n","protected":false},"excerpt":{"rendered":"<p>Publicado 1 de agosto de 2022 El CASF dio formalmente la bienvenida a los nuevos matriculados\/as correspondientes al Juramento del mes de Julio del corriente a\u00f1o, quienes fueron recibidos en la sede del CASF el 29\/07, luego de la Jura desarrollada en la Corte Suprema de Justicia. La oportunidad fue propicia para entregarles material de [&#8230;]\n","protected":false},"author":11,"featured_media":0,"comment_status":"closed","ping_status":"closed","sticky":false,"template":"","format":"standard","meta":[],"categories":[75],"tags":[],"_links":{"self":[{"href":"https:\/\/www.casf.org.ar\/colegio\/wp-json\/wp\/v2\/posts\/16914"}],"collection":[{"href":"https:\/\/www.casf.org.ar\/colegio\/wp-json\/wp\/v2\/posts"}],"about":[{"href":"https:\/\/www.casf.org.ar\/colegio\/wp-json\/wp\/v2\/types\/post"}],"author":[{"embeddable":true,"href":"https:\/\/www.casf.org.ar\/colegio\/wp-json\/wp\/v2\/users\/11"}],"replies":[{"embeddable":true,"href":"https:\/\/www.casf.org.ar\/colegio\/wp-json\/wp\/v2\/comments?post=16914"}],"version-history":[{"count":4,"href":"https:\/\/www.casf.org.ar\/colegio\/wp-json\/wp\/v2\/posts\/16914\/revisions"}],"predecessor-version":[{"id":16922,"href":"https:\/\/www.casf.org.ar\/colegio\/wp-json\/wp\/v2\/posts\/16914\/revisions\/16922"}],"wp:attachment":[{"href":"https:\/\/www.casf.org.ar\/colegio\/wp-json\/wp\/v2\/media?parent=16914"}],"wp:term":[{"taxonomy":"category","embeddable":true,"href":"https:\/\/www.casf.org.ar\/colegio\/wp-json\/wp\/v2\/categories?post=16914"},{"taxonomy":"post_tag","embeddable":true,"href":"https:\/\/www.casf.org.ar\/colegio\/wp-json\/wp\/v2\/tags?post=16914"}],"curies":[{"name":"wp","href":"https:\/\/api.w.org\/{rel}","templated":true}]}}