{"id":15337,"date":"2022-04-20T16:43:34","date_gmt":"2022-04-20T19:43:34","guid":{"rendered":"https:\/\/www.casf.org.ar\/colegio\/?p=15337"},"modified":"2023-09-26T08:01:43","modified_gmt":"2023-09-26T11:01:43","slug":"dia-mundial-de-la-tierra","status":"publish","type":"post","link":"https:\/\/www.casf.org.ar\/colegio\/2022\/04\/20\/dia-mundial-de-la-tierra\/","title":{"rendered":"D\u00eda Internacional de la Madre Tierra"},"content":{"rendered":"<p>Publicado 20 abril 2022<\/p>\n<p><a href=\"https:\/\/www.casf.org.ar\/colegio\/wp-content\/uploads\/2022\/04\/logo_instituto_ambiental_casf.jpg\"><img decoding=\"async\" loading=\"lazy\" class=\"alignnone size-full wp-image-15339\" src=\"https:\/\/www.casf.org.ar\/colegio\/wp-content\/uploads\/2022\/04\/logo_instituto_ambiental_casf.jpg\" alt=\"\" width=\"135\" height=\"104\" \/><\/a><\/p>\n<p><u>D\u00eda Mundial de la Tierra 22 de abril 2022<\/u><\/p>\n<p>Cada 22 de abril, al celebrarse el D\u00eda Mundial de la tierra, desde el Instituto de Derecho Ambiental del Colegio de Abogados, nos preocupamos por generar un espacio de reflexi\u00f3n acerca de la importancia del recurso; pero tambi\u00e9n procuramos que sea un espacio donde exponer las problem\u00e1ticas actuales relacionadas a nuestra Tierra. \u2013<\/p>\n<p>La consigna \u201cUna sola Tierra\u201d destaca la necesidad de vivir de forma sostenible, en armon\u00eda con la naturaleza, a trav\u00e9s de cambios sustanciales impulsados por pol\u00edticas y elecciones cotidianas que nos gu\u00eden hacia estilos de vida m\u00e1s limpios y ecol\u00f3gicos.<\/p>\n<p>El primer D\u00eda de la Tierra fue en 1970, hace 50 a\u00f1os. Pero reci\u00e9n en 2009 la Resoluci\u00f3n 63\/278 de la Asamblea General de las Naciones Unidas, design\u00f3 esta fecha \u201cD\u00eda Internacional de la Madre Tierra\u201d, una jornada que desde el Instituto de Derecho Ambiental del CASF, dedicamos siempre a la concientizaci\u00f3n, reflexi\u00f3n y b\u00fasqueda de soluciones de diversas problem\u00e1ticas ambientales tales como el calentamiento global, la contaminaci\u00f3n, la conservaci\u00f3n de la biodiversidad, entre otras.<\/p>\n<p>Las circunstancias actuales, nos hacen hoy un llamado m\u00e1s poderoso y nos recuerdan la vulnerabilidad humana. La Tierra nos est\u00e1 dando un mensaje que es preciso o\u00edr para poder actuar.<\/p>\n<p>La \u201cMadre Tierra\u201d es una expresi\u00f3n con la que diversos pa\u00edses se refieren al planeta Tierra, y esto da cuenta de la interdependencia existente entre los seres humanos, las dem\u00e1s especies vivas y el planeta que todos habitamos, el hecho de que la Tierra y sus ecosistemas son nuestro hogar. Con estos fundamentospara reflexionar acerca de la urgencia del equilibrio entre las necesidades econ\u00f3micas, sociales y ambientales, de las generaciones presentes, pero tambi\u00e9n de las futuras.<\/p>\n<p>La Madre Tierra claramente nos pide que actuemos, los oc\u00e9anos se llenan de pl\u00e1sticos y se vuelven m\u00e1s \u00e1cidos. El calor extremo, los incendios forestales y las inundaciones, han afectado a millones de personas. El cambio clim\u00e1tico, los cambios provocados por el hombre en la naturaleza, a medida que las temperaturas siguen aumentando y los impactos se ven en todo el mundo, as\u00ed como los cr\u00edmenes que perturban la biodiversidad, como la deforestaci\u00f3n, el cambio de uso del suelo, la producci\u00f3n intensiva o el creciente comercio ilegal de vida silvestre, pueden aumentar el contacto y la transmisi\u00f3n de enfermedades infecciosas de animales a humanos (enfermedades zoon\u00f3ticas).<\/p>\n<p>El planeta nos est\u00e1 diciendo que no puede sobrellevar nuestro furioso ritmo de producci\u00f3n, demanda y consumo que lo est\u00e1 dejando sin defensas.Porque m\u00e1s que nunca es necesario \u2013m\u00e1s bien, urgente- promover un cambio a una econom\u00eda sostenible que sea capaz de responder a nuestras necesidades, sin agotar los recursos del planeta<\/p>\n<p>\u201cCada uno de nosotros puede dar su peque\u00f1a aportaci\u00f3n: \u00abNo hay que pensar que esos esfuerzos no van a cambiar el mundo. Esas acciones derraman un bien en la sociedad que siempre produce frutos m\u00e1s all\u00e1 de lo que se pueda constatar, porque provocan en el seno de esta tierra un bien que siempre tiende a difundirse, a veces invisiblemente\u00bb (Papa Francisco- LS, 212).<\/p>\n<p>Desde el Instituto de Derecho Ambiental, dejando claro nuestro compromiso con el medio ambiente, la tierra y el entorno que nos rodea, parahonrar esta fecha generando un espacio de reflexi\u00f3n, hemos elegido generar este mensaje para invitar a pensar sobre lo expuesto, y sobre nuestra responsabilidad como custodios, y no due\u00f1os, de la Madre Tierra.De lo contrario, estaremos faltando al mandato constitucional del art. 41: incumpliendo deber de preservaci\u00f3n y comprometiendo los recursos y la calidad de vida de las generaciones futuras.<\/p>\n<p><strong><u>INSTITUTO DE DERECHO AMBIENTAL- CASF<\/u><\/strong><\/p>\n","protected":false},"excerpt":{"rendered":"<p>Publicado 20 abril 2022 D\u00eda Mundial de la Tierra 22 de abril 2022 Cada 22 de abril, al celebrarse el D\u00eda Mundial de la tierra, desde el Instituto de Derecho Ambiental del Colegio de Abogados, nos preocupamos por generar un espacio de reflexi\u00f3n acerca de la importancia del recurso; pero tambi\u00e9n procuramos que sea un [&#8230;]\n","protected":false},"author":11,"featured_media":0,"comment_status":"closed","ping_status":"closed","sticky":false,"template":"","format":"standard","meta":[],"categories":[75],"tags":[],"_links":{"self":[{"href":"https:\/\/www.casf.org.ar\/colegio\/wp-json\/wp\/v2\/posts\/15337"}],"collection":[{"href":"https:\/\/www.casf.org.ar\/colegio\/wp-json\/wp\/v2\/posts"}],"about":[{"href":"https:\/\/www.casf.org.ar\/colegio\/wp-json\/wp\/v2\/types\/post"}],"author":[{"embeddable":true,"href":"https:\/\/www.casf.org.ar\/colegio\/wp-json\/wp\/v2\/users\/11"}],"replies":[{"embeddable":true,"href":"https:\/\/www.casf.org.ar\/colegio\/wp-json\/wp\/v2\/comments?post=15337"}],"version-history":[{"count":3,"href":"https:\/\/www.casf.org.ar\/colegio\/wp-json\/wp\/v2\/posts\/15337\/revisions"}],"predecessor-version":[{"id":15343,"href":"https:\/\/www.casf.org.ar\/colegio\/wp-json\/wp\/v2\/posts\/15337\/revisions\/15343"}],"wp:attachment":[{"href":"https:\/\/www.casf.org.ar\/colegio\/wp-json\/wp\/v2\/media?parent=15337"}],"wp:term":[{"taxonomy":"category","embeddable":true,"href":"https:\/\/www.casf.org.ar\/colegio\/wp-json\/wp\/v2\/categories?post=15337"},{"taxonomy":"post_tag","embeddable":true,"href":"https:\/\/www.casf.org.ar\/colegio\/wp-json\/wp\/v2\/tags?post=15337"}],"curies":[{"name":"wp","href":"https:\/\/api.w.org\/{rel}","templated":true}]}}