{"id":14500,"date":"2022-02-17T07:20:21","date_gmt":"2022-02-17T10:20:21","guid":{"rendered":"https:\/\/www.casf.org.ar\/colegio\/?p=14500"},"modified":"2023-09-26T08:02:00","modified_gmt":"2023-09-26T11:02:00","slug":"fecasfe-solicito-la-prorroga-de-la-puesta-en-vigencia-de-la-obligatoriedad-de-la-firma-digital","status":"publish","type":"post","link":"https:\/\/www.casf.org.ar\/colegio\/2022\/02\/17\/fecasfe-solicito-la-prorroga-de-la-puesta-en-vigencia-de-la-obligatoriedad-de-la-firma-digital\/","title":{"rendered":"FECASFE solicit\u00f3 la pr\u00f3rroga de la puesta en vigencia de la obligatoriedad de la firma digital"},"content":{"rendered":"<p style=\"text-align: right\"><a href=\"https:\/\/www.casf.org.ar\/colegio\/wp-content\/uploads\/2022\/02\/logo-federacion.png\"><img decoding=\"async\" loading=\"lazy\" class=\"wp-image-14502 aligncenter\" src=\"https:\/\/www.casf.org.ar\/colegio\/wp-content\/uploads\/2022\/02\/logo-federacion-389x400.png\" alt=\"\" width=\"120\" height=\"120\" srcset=\"https:\/\/www.casf.org.ar\/colegio\/wp-content\/uploads\/2022\/02\/logo-federacion-280x280.png 280w, https:\/\/www.casf.org.ar\/colegio\/wp-content\/uploads\/2022\/02\/logo-federacion-300x300.png 300w, https:\/\/www.casf.org.ar\/colegio\/wp-content\/uploads\/2022\/02\/logo-federacion-100x100.png 100w\" sizes=\"(max-width: 120px) 100vw, 120px\" \/><\/a><br \/>Rosario, 16 de febrero de 2022<\/p>\n<p>Se\u00f1or Presidente<br \/>Corte Suprema de Justicia<br \/>Dr. Rafael Guti\u00e9rrez<br \/>S\/D<\/p>\n<p>De nuestra mayor consideraci\u00f3n:<br \/>La Federaci\u00f3n de Colegios de Abogac\u00eda de la Provincia de Santa Fe (FECASFE) se dirige a usted con relaci\u00f3n a la obligatoriedad del uso de la firma digital a partir del 01.03.3022, dispuesta en el Acuerdo del 7\/09\/2021, Acta 32, punto 26, para la presentaci\u00f3n de demandas y escritos que se interpongan en ese Poder Judicial a trav\u00e9s del Sistema de Autoconsulta SISFE.<\/p>\n<p>Si bien esta Federaci\u00f3n comprende que este requisito se enmarca en los proyectos de modernizaci\u00f3n desarrollados por ese Tribunal, a fin de contar con altos est\u00e1ndares de seguridad en la gesti\u00f3n de la jurisdicci\u00f3n, en orden a una Justicia digital, efectiva y de calidad, las entidades aqu\u00ed nucleadas consideran que a\u00fan existe un alto n\u00famero de profesionales que no cuentan con esta herramienta.<\/p>\n<p>\u00a0En tal sentido, solicitamos de su gentileza arbitre los medios conducentes a fin de prorrogar la puesta en vigencia de la obligatoriedad de la firma digital para el 1ro. de julio del actual.<\/p>\n<p>Con el compromiso de trabajar mancomunadamente en una mejor administraci\u00f3n de Justicia y, a la espera de una respuesta favorable, saludamos a usted atentamente.<\/p>\n<p>\u00a0<\/p>\n<p><strong>Dr. Andr\u00e9s Abramovich<\/strong>, Presidente Colegio de Abogados de Santa Fe.<br \/><strong>Dr. Lucas Galdeano<\/strong>, Presidente Colegio de Abogados de Rosario.<br \/><strong>Dra. Andrea Majul<\/strong>, Presidenta Colegio de Abogados Venado Tuerto.<br \/><strong>Dra. Elsa Patricia Virili<\/strong>, Presidente Colegio de Abogados de Reconquista.<br \/><strong>Dra. Mabel Eusebio<\/strong>, Presidenta Colegio de Abogados Rafaela.<\/p>\n<h3>\n<p>Les dejamos aqu\u00ed la <strong><a href=\"https:\/\/docs.google.com\/document\/d\/1h6tXkUGP8mb3NbJ0w0naONeHYZl5GivX\/edit?usp=sharing&amp;ouid=103117240036951634441&amp;rtpof=true&amp;sd=true\">nota<\/a><\/strong>\u00a0<\/h3>\n","protected":false},"excerpt":{"rendered":"<p>Rosario, 16 de febrero de 2022 Se\u00f1or PresidenteCorte Suprema de JusticiaDr. Rafael Guti\u00e9rrezS\/D De nuestra mayor consideraci\u00f3n:La Federaci\u00f3n de Colegios de Abogac\u00eda de la Provincia de Santa Fe (FECASFE) se dirige a usted con relaci\u00f3n a la obligatoriedad del uso de la firma digital a partir del 01.03.3022, dispuesta en el Acuerdo del 7\/09\/2021, Acta [&#8230;]\n","protected":false},"author":14,"featured_media":0,"comment_status":"closed","ping_status":"closed","sticky":false,"template":"","format":"standard","meta":[],"categories":[70],"tags":[],"_links":{"self":[{"href":"https:\/\/www.casf.org.ar\/colegio\/wp-json\/wp\/v2\/posts\/14500"}],"collection":[{"href":"https:\/\/www.casf.org.ar\/colegio\/wp-json\/wp\/v2\/posts"}],"about":[{"href":"https:\/\/www.casf.org.ar\/colegio\/wp-json\/wp\/v2\/types\/post"}],"author":[{"embeddable":true,"href":"https:\/\/www.casf.org.ar\/colegio\/wp-json\/wp\/v2\/users\/14"}],"replies":[{"embeddable":true,"href":"https:\/\/www.casf.org.ar\/colegio\/wp-json\/wp\/v2\/comments?post=14500"}],"version-history":[{"count":2,"href":"https:\/\/www.casf.org.ar\/colegio\/wp-json\/wp\/v2\/posts\/14500\/revisions"}],"predecessor-version":[{"id":14503,"href":"https:\/\/www.casf.org.ar\/colegio\/wp-json\/wp\/v2\/posts\/14500\/revisions\/14503"}],"wp:attachment":[{"href":"https:\/\/www.casf.org.ar\/colegio\/wp-json\/wp\/v2\/media?parent=14500"}],"wp:term":[{"taxonomy":"category","embeddable":true,"href":"https:\/\/www.casf.org.ar\/colegio\/wp-json\/wp\/v2\/categories?post=14500"},{"taxonomy":"post_tag","embeddable":true,"href":"https:\/\/www.casf.org.ar\/colegio\/wp-json\/wp\/v2\/tags?post=14500"}],"curies":[{"name":"wp","href":"https:\/\/api.w.org\/{rel}","templated":true}]}}