{"id":13652,"date":"2021-11-11T11:24:58","date_gmt":"2021-11-11T14:24:58","guid":{"rendered":"https:\/\/www.casf.org.ar\/colegio\/?p=13652"},"modified":"2023-09-26T08:02:22","modified_gmt":"2023-09-26T11:02:22","slug":"convocatoria-centros-territoriales-de-denuncia","status":"publish","type":"post","link":"https:\/\/www.casf.org.ar\/colegio\/2021\/11\/11\/convocatoria-centros-territoriales-de-denuncia\/","title":{"rendered":"Convocatoria Centros Territoriales de Denuncia"},"content":{"rendered":"<p>Publicado 11 noviembre 2021<\/p>\n<p><a href=\"https:\/\/www.casf.org.ar\/colegio\/wp-content\/uploads\/2021\/11\/convocatoria-ctd-2021-11-11.jpg\"><img decoding=\"async\" loading=\"lazy\" class=\"size-full wp-image-13656 aligncenter\" src=\"https:\/\/www.casf.org.ar\/colegio\/wp-content\/uploads\/2021\/11\/convocatoria-ctd-2021-11-11.jpg\" alt=\"\" width=\"440\" height=\"333\" \/><\/a><\/p>\n<p class=\"western\" lang=\"es-ES\" align=\"center\"><span style=\"font-family: Cambria, serif;\"><b>Convocatoria J\u00f3venes profesionales para Centros Territoriales de Denuncias<\/b><\/span><\/p>\n<p class=\"western\" lang=\"es-ES\" align=\"justify\"><span style=\"font-family: Cambria, serif;\">El <\/span><span style=\"font-family: Cambria, serif;\"><b>Colegio de Abogados de Santa Fe<\/b><\/span><span style=\"font-family: Cambria, serif;\"> convoca por este medio para la cobertura de cargos de j\u00f3venes profesionales abogados\/as para los Centros Territoriales de Denuncias en Santa Fe, cuya iniciativa se realiza en el marco del convenio con el Ministerio de Seguridad de la provincia. <\/span><\/p>\n<p class=\"western\" lang=\"es-ES\" align=\"justify\"><span style=\"font-family: Cambria, serif;\">Concretamente se necesitan: <\/span><\/p>\n<p class=\"western\" lang=\"es-ES\" align=\"justify\"><span style=\"font-family: Cambria, serif;\">6(seis) puestos titulares de operadores en CTD Santa Fe y 6 (seis) puestos<\/span><\/p>\n<p class=\"western\" lang=\"es-ES\" align=\"justify\"><span style=\"font-family: Cambria, serif;\">Suplentes:\u00a0<\/span><span style=\"font-family: Cambria, serif;\"> 1(un) puesto titular en CTD G<\/span><span style=\"font-family: Cambria, serif;\">\u00e1<\/span><span style=\"font-family: Cambria, serif;\">lvez y 1 (un) puesto suplente<\/span><\/p>\n<p class=\"western\" lang=\"es-ES\" align=\"justify\"><span style=\"font-family: Cambria, serif;\">2(dos) puestos titulares en CTD Colastin<\/span><span style=\"font-family: Cambria, serif;\">\u00e9<\/span><span style=\"font-family: Cambria, serif;\"> y 2 (dos) puestos suplentes<\/span><\/p>\n<p class=\"western\" lang=\"es-ES\" align=\"justify\"><span style=\"font-family: Cambria, serif;\">1(un) puesto titular en CTD Rinc<\/span><span style=\"font-family: Cambria, serif;\">\u00f3<\/span><span style=\"font-family: Cambria, serif;\">n y 1 (un) puesto suplente<\/span><\/p>\n<p class=\"western\" lang=\"es-ES\" align=\"justify\"><span style=\"font-family: Cambria, serif;\">1(un) puesto titular en CTD Recreo y 1 (un) puesto suplente<\/span><\/p>\n<p class=\"western\" lang=\"es-ES\" align=\"justify\"><span style=\"font-family: Cambria, serif;\">1(un) puesto titular en CTD Sauce Viejo y 1 (un) puesto suplente. <\/span><\/p>\n<p class=\"western\" lang=\"es-ES\" align=\"justify\"><span style=\"font-family: Cambria, serif;\">Son requisitos excluyentes para los postulantes:<\/span><\/p>\n<p class=\"western\" lang=\"es-ES\" align=\"justify\"><span style=\"font-family: Cambria, serif;\">Abogado\/a inscripto\/a en el Colegio de Abogados de Santa Fe, con 5 a\u00f1os como m\u00e1ximo de matriculaci\u00f3n a la fecha de la preselecci\u00f3n;<\/span><\/p>\n<p class=\"western\" lang=\"es-ES\" align=\"justify\"><span style=\"font-family: Cambria, serif;\">Con domicilio real \u2013preferentemente- en la ciudad donde se postula.<\/span><\/p>\n<p class=\"western\" lang=\"es-ES\" align=\"justify\"><span style=\"font-family: Cambria, serif;\">Edad: hasta 35 a\u00f1os;<\/span><\/p>\n<p class=\"western\" lang=\"es-ES\" align=\"justify\"><span style=\"font-family: Cambria, serif;\">Acreditaci\u00f3n mediante \u201cDeclaraci\u00f3n Jurada\u201d de antecedentes laborales, acad\u00e9micos, de investigaci\u00f3n en materia de derecho penal y\/o administrativo;<\/span><\/p>\n<p class=\"western\" lang=\"es-ES\" align=\"justify\"><span style=\"font-family: Cambria, serif;\"><b>-Inscripciones:<\/b><\/span> <span style=\"font-family: Cambria, serif;\"><b>Lunes 15\/11\/21 al 25\/11\/21<\/b><\/span><span style=\"font-family: Cambria, serif;\">, en el siguiente <a href=\"https:\/\/forms.gle\/AwRdehtLs3fpxVqo7\">link.<\/a><\/span><\/p>\n<p class=\"western\" lang=\"es-ES\" align=\"justify\"><span style=\"font-family: Cambria, serif;\"><b>-Entrevistas Presenciales de los preseleccionados<\/b><\/span><span style=\"font-family: Cambria, serif;\">: <\/span><span style=\"font-family: Cambria, serif;\"><b>Lunes 29\/11\/2021<\/b><\/span><span style=\"font-family: Cambria, serif;\">, en el Colegio de Abogados de Santa Fe, horario y sal\u00f3n a confirmar. <\/span><b> <\/b><\/p>\n<p class=\"western\" lang=\"es-ES\" align=\"justify\"><span style=\"font-family: Cambria, serif;\">El profesional seleccionado deber\u00e1 desarrollar una jornada m\u00ednima de 6 horas, de lunes a viernes, en horario a determinar por el Ministerio de Seguridad., por el t\u00e9rmino improrrogable doce (12) meses; el Ministerio de Seguridad de la provincia de Santa Fe abonara una gratificaci\u00f3n equivalente a 4 unidades Jus.<\/span><\/p>\n","protected":false},"excerpt":{"rendered":"<p>Publicado 11 noviembre 2021 Convocatoria J\u00f3venes profesionales para Centros Territoriales de Denuncias El Colegio de Abogados de Santa Fe convoca por este medio para la cobertura de cargos de j\u00f3venes profesionales abogados\/as para los Centros Territoriales de Denuncias en Santa Fe, cuya iniciativa se realiza en el marco del convenio con el Ministerio de Seguridad [&#8230;]\n","protected":false},"author":2,"featured_media":0,"comment_status":"closed","ping_status":"closed","sticky":false,"template":"","format":"standard","meta":[],"categories":[75],"tags":[],"_links":{"self":[{"href":"https:\/\/www.casf.org.ar\/colegio\/wp-json\/wp\/v2\/posts\/13652"}],"collection":[{"href":"https:\/\/www.casf.org.ar\/colegio\/wp-json\/wp\/v2\/posts"}],"about":[{"href":"https:\/\/www.casf.org.ar\/colegio\/wp-json\/wp\/v2\/types\/post"}],"author":[{"embeddable":true,"href":"https:\/\/www.casf.org.ar\/colegio\/wp-json\/wp\/v2\/users\/2"}],"replies":[{"embeddable":true,"href":"https:\/\/www.casf.org.ar\/colegio\/wp-json\/wp\/v2\/comments?post=13652"}],"version-history":[{"count":6,"href":"https:\/\/www.casf.org.ar\/colegio\/wp-json\/wp\/v2\/posts\/13652\/revisions"}],"predecessor-version":[{"id":13678,"href":"https:\/\/www.casf.org.ar\/colegio\/wp-json\/wp\/v2\/posts\/13652\/revisions\/13678"}],"wp:attachment":[{"href":"https:\/\/www.casf.org.ar\/colegio\/wp-json\/wp\/v2\/media?parent=13652"}],"wp:term":[{"taxonomy":"category","embeddable":true,"href":"https:\/\/www.casf.org.ar\/colegio\/wp-json\/wp\/v2\/categories?post=13652"},{"taxonomy":"post_tag","embeddable":true,"href":"https:\/\/www.casf.org.ar\/colegio\/wp-json\/wp\/v2\/tags?post=13652"}],"curies":[{"name":"wp","href":"https:\/\/api.w.org\/{rel}","templated":true}]}}