{"id":12395,"date":"2021-08-27T12:39:00","date_gmt":"2021-08-27T15:39:00","guid":{"rendered":"https:\/\/www.casf.org.ar\/?p=12395"},"modified":"2023-09-26T08:02:46","modified_gmt":"2023-09-26T11:02:46","slug":"jornadas-sobre-salud-mental","status":"publish","type":"post","link":"https:\/\/www.casf.org.ar\/colegio\/2021\/08\/27\/jornadas-sobre-salud-mental\/","title":{"rendered":"Jornadas sobre Salud Mental"},"content":{"rendered":"<p>Publicado 27 agosto 2021<\/p>\n<p><a href=\"https:\/\/www.casf.org.ar\/colegio\/wp-content\/uploads\/2021\/08\/jornada-salud-mental-2021-08-27.jpg\"><img decoding=\"async\" loading=\"lazy\" class=\"alignnone size-medium wp-image-12419\" src=\"https:\/\/www.casf.org.ar\/colegio\/wp-content\/uploads\/2021\/08\/jornada-salud-mental-2021-08-27-419x400.jpg\" alt=\"\" width=\"419\" height=\"400\" srcset=\"https:\/\/www.casf.org.ar\/colegio\/wp-content\/uploads\/2021\/08\/jornada-salud-mental-2021-08-27-419x400.jpg 419w, https:\/\/www.casf.org.ar\/colegio\/wp-content\/uploads\/2021\/08\/jornada-salud-mental-2021-08-27.jpg 440w\" sizes=\"(max-width: 419px) 100vw, 419px\" \/><\/a><\/p>\n<p>&nbsp;<\/p>\n<p>Aplicaci\u00f3n de la Ley 26657 \u2013 Principios y ejes establecidos por la ley y el C\u00f3digo Civil y Comercial &#8211; Internaciones involuntarias \u2013 Cuestiones pr\u00e1cticas<\/p>\n<p>Fechas: Jueves 2 y 9 de Septiembre<br \/>\nHorario: 19.30 hs. (1 y 30 hs. de duraci\u00f3n aprox).<br \/>\nP\u00fablico: Dirigidas especialmente para colegas y profesionales de otras disciplinas que se dediquen al tema de la Salud Mental.<br \/>\nDisertantes:<br \/>\nJornada 02\/09: Abog. Lucrecia Faccioli y Psi. Sof\u00eda Sufritti<br \/>\nJornada 09\/09: Lic. Osvaldo Chiarlo, Abog. Gabriela Cataudela y Abog. Denise Frois.<br \/>\nCosto: $ 300 las dos jornadas (para quienes deseen contar con certificado digital).-<br \/>\nModalidad: virtual y presencial.<br \/>\nSal\u00f3n Belgrano &#8211; CASF &#8211; 2\u00ba Piso y v\u00eda zoom<\/p>\n<p>Unirse a la reuni\u00f3n Zoom<br \/>\n<a href=\"https:\/\/us02web.zoom.us\/j\/81632595071?pwd=V0JFMU5MNUYwZjN2RlJkT0l4c2IxZz09\">https:\/\/us02web.zoom.us\/j\/81632595071?pwd=V0JFMU5MNUYwZjN2RlJkT0l4c2IxZz09<\/a><\/p>\n<p>ID de reuni\u00f3n: 816 3259 5071<br \/>\nC\u00f3digo de acceso: 668345<\/p>\n<p>&nbsp;<\/p>\n<p>&nbsp;<\/p>\n","protected":false},"excerpt":{"rendered":"<p>Publicado 27 agosto 2021 &nbsp; Aplicaci\u00f3n de la Ley 26657 \u2013 Principios y ejes establecidos por la ley y el C\u00f3digo Civil y Comercial &#8211; Internaciones involuntarias \u2013 Cuestiones pr\u00e1cticas Fechas: Jueves 2 y 9 de Septiembre Horario: 19.30 hs. (1 y 30 hs. de duraci\u00f3n aprox). P\u00fablico: Dirigidas especialmente para colegas y profesionales de [&#8230;]\n","protected":false},"author":2,"featured_media":0,"comment_status":"closed","ping_status":"open","sticky":false,"template":"","format":"standard","meta":[],"categories":[76],"tags":[],"_links":{"self":[{"href":"https:\/\/www.casf.org.ar\/colegio\/wp-json\/wp\/v2\/posts\/12395"}],"collection":[{"href":"https:\/\/www.casf.org.ar\/colegio\/wp-json\/wp\/v2\/posts"}],"about":[{"href":"https:\/\/www.casf.org.ar\/colegio\/wp-json\/wp\/v2\/types\/post"}],"author":[{"embeddable":true,"href":"https:\/\/www.casf.org.ar\/colegio\/wp-json\/wp\/v2\/users\/2"}],"replies":[{"embeddable":true,"href":"https:\/\/www.casf.org.ar\/colegio\/wp-json\/wp\/v2\/comments?post=12395"}],"version-history":[{"count":10,"href":"https:\/\/www.casf.org.ar\/colegio\/wp-json\/wp\/v2\/posts\/12395\/revisions"}],"predecessor-version":[{"id":12562,"href":"https:\/\/www.casf.org.ar\/colegio\/wp-json\/wp\/v2\/posts\/12395\/revisions\/12562"}],"wp:attachment":[{"href":"https:\/\/www.casf.org.ar\/colegio\/wp-json\/wp\/v2\/media?parent=12395"}],"wp:term":[{"taxonomy":"category","embeddable":true,"href":"https:\/\/www.casf.org.ar\/colegio\/wp-json\/wp\/v2\/categories?post=12395"},{"taxonomy":"post_tag","embeddable":true,"href":"https:\/\/www.casf.org.ar\/colegio\/wp-json\/wp\/v2\/tags?post=12395"}],"curies":[{"name":"wp","href":"https:\/\/api.w.org\/{rel}","templated":true}]}}