{"id":12005,"date":"2021-08-05T11:01:41","date_gmt":"2021-08-05T14:01:41","guid":{"rendered":"https:\/\/www.casf.org.ar\/colegio\/?p=12005"},"modified":"2023-09-26T08:02:52","modified_gmt":"2023-09-26T11:02:52","slug":"juramento-nuevos-abogadosas-8","status":"publish","type":"post","link":"https:\/\/www.casf.org.ar\/colegio\/2021\/08\/05\/juramento-nuevos-abogadosas-8\/","title":{"rendered":"Juramento nuevos Abogados\/as"},"content":{"rendered":"<p>Publicado 05 de Agosto de 2021<\/p>\n<p style=\"text-align: justify;\">El CASF dio formalmente la bienvenida a los nuevos matriculados\/as correspondientes al Juramento del mes de Julio del corriente a\u00f1o, quienes fueron recibidos en la sede del CASF el 30\/07 con los pertinentes protocolos de seguridad y distanciamiento social, luego de la Jura desarrollada en la Corte Suprema de Justicia. La oportunidad fue propicia para entregarles material de inter\u00e9s. D\u00edas previos tuvieron la capacitaci\u00f3n obligatoria v\u00eda Zoom sobre cuestiones \u00e9ticas tan indispensables en su \u00e1mbito de actuaci\u00f3n.<br \/>\nEl CASF est\u00e1 abierto a sus inquietudes y los invita a integrarse a sus institutos y comisiones.<br \/>\nLa n\u00f3mina de los abogados\/as que juraron es la siguiente:<\/p>\n<p style=\"text-align: justify;\">Jura Julio (20)<\/p>\n<p style=\"text-align: justify;\">ARAYA, ANDREA ELIZABET<br \/>\nBASCELLI, ROMANELA MAGALI<br \/>\nCHIARAVIGLIO, JUAN<br \/>\nCORESTEIN, GUILLERMO JOSE<br \/>\nDE OLAZABAL, JULIO MARTIN<br \/>\nFREGONA, MARIA SOL<br \/>\nGALLO, JUAN IGNACIO<br \/>\nHADAD, MELISA NAIR<br \/>\nIZAGUIRRE, JUAN IGNACIO<br \/>\nLEIVA, EDUARDO JAVIER<br \/>\nLUCERO, NADIA ESTEFANIA<br \/>\nMENDEZ, JULIO ALFREDO<br \/>\nMICHELOUD, LUCAS EMMANUEL<br \/>\nMIONE NESCIER, ANTONELA<br \/>\nPAGANI, AGUSTIN<br \/>\nPEDRO, NATALIA SOLEDAD<br \/>\nRIOS, FLAVIO GASTON<br \/>\nRUBIES, SOFIA<br \/>\nSCHENFELD, GUADALUPE<br \/>\nTORRES, VICTORIA<\/p>\n<p style=\"text-align: justify;\"><a href=\"https:\/\/www.casf.org.ar\/colegio\/wp-content\/uploads\/2021\/08\/Jura-Julio1.jpg\"><img decoding=\"async\" loading=\"lazy\" class=\"alignnone size-full wp-image-13507\" src=\"https:\/\/www.casf.org.ar\/colegio\/wp-content\/uploads\/2021\/08\/Jura-Julio1.jpg\" alt=\"\" width=\"440\" height=\"293\" \/><\/a> <a href=\"https:\/\/www.casf.org.ar\/colegio\/wp-content\/uploads\/2021\/08\/Jura-Julio2.jpg\"><img decoding=\"async\" loading=\"lazy\" class=\"alignnone size-medium wp-image-13508\" src=\"https:\/\/www.casf.org.ar\/colegio\/wp-content\/uploads\/2021\/08\/Jura-Julio2.jpg\" alt=\"\" width=\"440\" height=\"293\" \/><\/a><\/p>\n","protected":false},"excerpt":{"rendered":"<p>Publicado 05 de Agosto de 2021 El CASF dio formalmente la bienvenida a los nuevos matriculados\/as correspondientes al Juramento del mes de Julio del corriente a\u00f1o, quienes fueron recibidos en la sede del CASF el 30\/07 con los pertinentes protocolos de seguridad y distanciamiento social, luego de la Jura desarrollada en la Corte Suprema de [&#8230;]\n","protected":false},"author":2,"featured_media":12007,"comment_status":"closed","ping_status":"closed","sticky":false,"template":"","format":"standard","meta":[],"categories":[75],"tags":[],"_links":{"self":[{"href":"https:\/\/www.casf.org.ar\/colegio\/wp-json\/wp\/v2\/posts\/12005"}],"collection":[{"href":"https:\/\/www.casf.org.ar\/colegio\/wp-json\/wp\/v2\/posts"}],"about":[{"href":"https:\/\/www.casf.org.ar\/colegio\/wp-json\/wp\/v2\/types\/post"}],"author":[{"embeddable":true,"href":"https:\/\/www.casf.org.ar\/colegio\/wp-json\/wp\/v2\/users\/2"}],"replies":[{"embeddable":true,"href":"https:\/\/www.casf.org.ar\/colegio\/wp-json\/wp\/v2\/comments?post=12005"}],"version-history":[{"count":2,"href":"https:\/\/www.casf.org.ar\/colegio\/wp-json\/wp\/v2\/posts\/12005\/revisions"}],"predecessor-version":[{"id":13509,"href":"https:\/\/www.casf.org.ar\/colegio\/wp-json\/wp\/v2\/posts\/12005\/revisions\/13509"}],"wp:featuredmedia":[{"embeddable":true,"href":"https:\/\/www.casf.org.ar\/colegio\/wp-json\/"}],"wp:attachment":[{"href":"https:\/\/www.casf.org.ar\/colegio\/wp-json\/wp\/v2\/media?parent=12005"}],"wp:term":[{"taxonomy":"category","embeddable":true,"href":"https:\/\/www.casf.org.ar\/colegio\/wp-json\/wp\/v2\/categories?post=12005"},{"taxonomy":"post_tag","embeddable":true,"href":"https:\/\/www.casf.org.ar\/colegio\/wp-json\/wp\/v2\/tags?post=12005"}],"curies":[{"name":"wp","href":"https:\/\/api.w.org\/{rel}","templated":true}]}}