{"id":11782,"date":"2021-06-23T12:07:01","date_gmt":"2021-06-23T15:07:01","guid":{"rendered":"https:\/\/www.casf.org.ar\/colegio\/?p=11782"},"modified":"2021-08-23T14:19:27","modified_gmt":"2021-08-23T14:19:27","slug":"capacitaciones-gratuitas-on-line-19","status":"publish","type":"post","link":"https:\/\/www.casf.org.ar\/colegio\/2021\/06\/23\/capacitaciones-gratuitas-on-line-19\/","title":{"rendered":"Conferencia gratuita on line"},"content":{"rendered":"<p>Publicado 23 junio 2021<\/p>\n<p style=\"text-align: justify;\">En el marco de las Conferencias gratuitas on line, el CASF los invita a la conferencia en vivo: La relaci\u00f3n de trabajo y el Covid por Mario Ackerman. La misma se desarrollar\u00e1 el d\u00eda 23 de Junio, a las 18 horas (ARGENTINA).<br \/>\nEl link de inscripci\u00f3n es el siguiente:<br \/>\n<a href=\"http:\/\/www.rubinzal.com.ar\/media\/formulario_auto.php?poderjud=9a34987639b85d3abd48ed0b54ca2dbe&amp;curso=2647\">http:\/\/www.rubinzal.com.ar\/media\/formulario_auto.php?poderjud=9a34987639b85d3abd48ed0b54ca2dbe&amp;curso=2647<\/a><\/p>\n<p><a href=\"https:\/\/www.casf.org.ar\/colegio\/wp-content\/uploads\/2021\/06\/charla-relacion-de-trabajo-2021-06-03.jpg\"><img decoding=\"async\" loading=\"lazy\" class=\"alignnone size-full wp-image-11634\" src=\"https:\/\/www.casf.org.ar\/colegio\/wp-content\/uploads\/2021\/06\/charla-relacion-de-trabajo-2021-06-03.jpg\" alt=\"charla relacion de trabajo 2021-06-03\" width=\"440\" height=\"199\" \/><\/a><\/p>\n","protected":false},"excerpt":{"rendered":"<p>Publicado 23 junio 2021 En el marco de las Conferencias gratuitas on line, el CASF los invita a la conferencia en vivo: La relaci\u00f3n de trabajo y el Covid por Mario Ackerman. La misma se desarrollar\u00e1 el d\u00eda 23 de Junio, a las 18 horas (ARGENTINA). El link de inscripci\u00f3n es el siguiente: http:\/\/www.rubinzal.com.ar\/media\/formulario_auto.php?poderjud=9a34987639b85d3abd48ed0b54ca2dbe&amp;curso=2647<\/p>\n","protected":false},"author":2,"featured_media":9079,"comment_status":"closed","ping_status":"closed","sticky":false,"template":"","format":"standard","meta":[],"categories":[76,1],"tags":[],"_links":{"self":[{"href":"https:\/\/www.casf.org.ar\/colegio\/wp-json\/wp\/v2\/posts\/11782"}],"collection":[{"href":"https:\/\/www.casf.org.ar\/colegio\/wp-json\/wp\/v2\/posts"}],"about":[{"href":"https:\/\/www.casf.org.ar\/colegio\/wp-json\/wp\/v2\/types\/post"}],"author":[{"embeddable":true,"href":"https:\/\/www.casf.org.ar\/colegio\/wp-json\/wp\/v2\/users\/2"}],"replies":[{"embeddable":true,"href":"https:\/\/www.casf.org.ar\/colegio\/wp-json\/wp\/v2\/comments?post=11782"}],"version-history":[{"count":1,"href":"https:\/\/www.casf.org.ar\/colegio\/wp-json\/wp\/v2\/posts\/11782\/revisions"}],"predecessor-version":[{"id":12124,"href":"https:\/\/www.casf.org.ar\/colegio\/wp-json\/wp\/v2\/posts\/11782\/revisions\/12124"}],"wp:featuredmedia":[{"embeddable":true,"href":"https:\/\/www.casf.org.ar\/colegio\/wp-json\/"}],"wp:attachment":[{"href":"https:\/\/www.casf.org.ar\/colegio\/wp-json\/wp\/v2\/media?parent=11782"}],"wp:term":[{"taxonomy":"category","embeddable":true,"href":"https:\/\/www.casf.org.ar\/colegio\/wp-json\/wp\/v2\/categories?post=11782"},{"taxonomy":"post_tag","embeddable":true,"href":"https:\/\/www.casf.org.ar\/colegio\/wp-json\/wp\/v2\/tags?post=11782"}],"curies":[{"name":"wp","href":"https:\/\/api.w.org\/{rel}","templated":true}]}}