{"id":11712,"date":"2021-06-10T18:44:24","date_gmt":"2021-06-10T21:44:24","guid":{"rendered":"https:\/\/www.casf.org.ar\/colegio\/?p=11712"},"modified":"2021-06-10T18:44:24","modified_gmt":"2021-06-10T21:44:24","slug":"conferencia-de-prensa-de-fecasfe-9-6-2021","status":"publish","type":"post","link":"https:\/\/www.casf.org.ar\/colegio\/2021\/06\/10\/conferencia-de-prensa-de-fecasfe-9-6-2021\/","title":{"rendered":"Conferencia de Prensa de FECASFE (9-6-2021)"},"content":{"rendered":"<p>Publicado 10 junio 2021<\/p>\n<p>Luego de la reuni\u00f3n mantenida con el Presidente de la Corte Suprema en la ciudad de Rosario, los m\u00e1ximos referentes de la abogac\u00eda de la provincia, en representaci\u00f3n de los Colegios de Abogados de Santa Fe, Rosario, Venado Tuerto, Reconquista y Rafaela, realizaron una conferencia de prensa en el auditorio del Colegio de Abogados de la Segunda Circunscripci\u00f3n.<br \/>\n<iframe loading=\"lazy\" title=\"YouTube video player\" src=\"https:\/\/www.youtube.com\/embed\/1-cPMx4K32k\" width=\"560\" height=\"315\" frameborder=\"0\" allowfullscreen=\"allowfullscreen\"><\/iframe><\/p>\n","protected":false},"excerpt":{"rendered":"<p>Publicado 10 junio 2021 Luego de la reuni\u00f3n mantenida con el Presidente de la Corte Suprema en la ciudad de Rosario, los m\u00e1ximos referentes de la abogac\u00eda de la provincia, en representaci\u00f3n de los Colegios de Abogados de Santa Fe, Rosario, Venado Tuerto, Reconquista y Rafaela, realizaron una conferencia de prensa en el auditorio del [&#8230;]\n","protected":false},"author":2,"featured_media":11725,"comment_status":"closed","ping_status":"closed","sticky":false,"template":"","format":"standard","meta":[],"categories":[74],"tags":[],"_links":{"self":[{"href":"https:\/\/www.casf.org.ar\/colegio\/wp-json\/wp\/v2\/posts\/11712"}],"collection":[{"href":"https:\/\/www.casf.org.ar\/colegio\/wp-json\/wp\/v2\/posts"}],"about":[{"href":"https:\/\/www.casf.org.ar\/colegio\/wp-json\/wp\/v2\/types\/post"}],"author":[{"embeddable":true,"href":"https:\/\/www.casf.org.ar\/colegio\/wp-json\/wp\/v2\/users\/2"}],"replies":[{"embeddable":true,"href":"https:\/\/www.casf.org.ar\/colegio\/wp-json\/wp\/v2\/comments?post=11712"}],"version-history":[{"count":0,"href":"https:\/\/www.casf.org.ar\/colegio\/wp-json\/wp\/v2\/posts\/11712\/revisions"}],"wp:featuredmedia":[{"embeddable":true,"href":"https:\/\/www.casf.org.ar\/colegio\/wp-json\/"}],"wp:attachment":[{"href":"https:\/\/www.casf.org.ar\/colegio\/wp-json\/wp\/v2\/media?parent=11712"}],"wp:term":[{"taxonomy":"category","embeddable":true,"href":"https:\/\/www.casf.org.ar\/colegio\/wp-json\/wp\/v2\/categories?post=11712"},{"taxonomy":"post_tag","embeddable":true,"href":"https:\/\/www.casf.org.ar\/colegio\/wp-json\/wp\/v2\/tags?post=11712"}],"curies":[{"name":"wp","href":"https:\/\/api.w.org\/{rel}","templated":true}]}}