{"id":11414,"date":"2021-05-13T16:37:21","date_gmt":"2021-05-13T19:37:21","guid":{"rendered":"https:\/\/www.casf.org.ar\/colegio\/?p=11414"},"modified":"2021-08-23T14:19:28","modified_gmt":"2021-08-23T14:19:28","slug":"derecho-municipal-y-derecho-a-la-ciudad-desafios-de-la-invocacion-democratica-3","status":"publish","type":"post","link":"https:\/\/www.casf.org.ar\/colegio\/2021\/05\/13\/derecho-municipal-y-derecho-a-la-ciudad-desafios-de-la-invocacion-democratica-3\/","title":{"rendered":"Derecho Municipal y Derecho a la Ciudad: Desaf\u00edos de la invocaci\u00f3n democr\u00e1tica"},"content":{"rendered":"<p>Publicado 13 mayo 2021<\/p>\n<p>El CASF informa la realizaci\u00f3n de la charla inaugural del Instituto de Derecho Municipal y Derecho a la Ciudad de nuestra Instituci\u00f3n, la cual tendr\u00e1 lugar el 18 de Mayo de 2021, a las 19 horas, v\u00eda Zoom. El tema a abordar ser\u00e1 Derecho Municipal y Derecho a la Ciudad: Desaf\u00edos de la invocaci\u00f3n democr\u00e1tica. En la oportunidad disertar\u00e1n el Dr. Oscar Blando, la Dra. Graciana Pe\u00f1afort y el Dr. Pablo Slavin.<br \/>\nID de reuni\u00f3n: 854 3386 9684.<br \/>\nC\u00f3digo de acceso: 310301.<\/p>\n","protected":false},"excerpt":{"rendered":"<p>Publicado 13 mayo 2021 El CASF informa la realizaci\u00f3n de la charla inaugural del Instituto de Derecho Municipal y Derecho a la Ciudad de nuestra Instituci\u00f3n, la cual tendr\u00e1 lugar el 18 de Mayo de 2021, a las 19 horas, v\u00eda Zoom. El tema a abordar ser\u00e1 Derecho Municipal y Derecho a la Ciudad: Desaf\u00edos [&#8230;]\n","protected":false},"author":2,"featured_media":11416,"comment_status":"closed","ping_status":"closed","sticky":false,"template":"","format":"standard","meta":[],"categories":[76,1],"tags":[],"_links":{"self":[{"href":"https:\/\/www.casf.org.ar\/colegio\/wp-json\/wp\/v2\/posts\/11414"}],"collection":[{"href":"https:\/\/www.casf.org.ar\/colegio\/wp-json\/wp\/v2\/posts"}],"about":[{"href":"https:\/\/www.casf.org.ar\/colegio\/wp-json\/wp\/v2\/types\/post"}],"author":[{"embeddable":true,"href":"https:\/\/www.casf.org.ar\/colegio\/wp-json\/wp\/v2\/users\/2"}],"replies":[{"embeddable":true,"href":"https:\/\/www.casf.org.ar\/colegio\/wp-json\/wp\/v2\/comments?post=11414"}],"version-history":[{"count":1,"href":"https:\/\/www.casf.org.ar\/colegio\/wp-json\/wp\/v2\/posts\/11414\/revisions"}],"predecessor-version":[{"id":12150,"href":"https:\/\/www.casf.org.ar\/colegio\/wp-json\/wp\/v2\/posts\/11414\/revisions\/12150"}],"wp:featuredmedia":[{"embeddable":true,"href":"https:\/\/www.casf.org.ar\/colegio\/wp-json\/"}],"wp:attachment":[{"href":"https:\/\/www.casf.org.ar\/colegio\/wp-json\/wp\/v2\/media?parent=11414"}],"wp:term":[{"taxonomy":"category","embeddable":true,"href":"https:\/\/www.casf.org.ar\/colegio\/wp-json\/wp\/v2\/categories?post=11414"},{"taxonomy":"post_tag","embeddable":true,"href":"https:\/\/www.casf.org.ar\/colegio\/wp-json\/wp\/v2\/tags?post=11414"}],"curies":[{"name":"wp","href":"https:\/\/api.w.org\/{rel}","templated":true}]}}