{"id":10793,"date":"2021-02-22T16:44:20","date_gmt":"2021-02-22T19:44:20","guid":{"rendered":"https:\/\/www.casf.org.ar\/colegio\/?p=10793"},"modified":"2021-02-22T16:44:20","modified_gmt":"2021-02-22T19:44:20","slug":"suspension-de-actividades-en-el-juzgado-de-circuito-de-coronda","status":"publish","type":"post","link":"https:\/\/www.casf.org.ar\/colegio\/2021\/02\/22\/suspension-de-actividades-en-el-juzgado-de-circuito-de-coronda\/","title":{"rendered":"Suspensi\u00f3n de Actividades en el Juzgado de Circuito de Coronda"},"content":{"rendered":"<p>Publicado 22 febrero 2021<\/p>\n<p>El CASF informa que la Corte Suprema de Santa Fe resolvi\u00f3 la suspensi\u00f3n de las actividades judiciales en el Juzgado de Primera Instancia de Circuito de la localidad de Coronda desde el 19 de Febrero pasado y hasta que las autoridades sanitarias recomienden su reanudaci\u00f3n, licenci\u00e1ndose al personal que presta labores en dicho \u00e1mbito.<br \/>\nLa medida judicial tiene efectos en el plano procesal, quedando suspendidos los plazos judiciales y audiencias hasta que se disponga su rehabilitaci\u00f3n. Para el supuesto de casos excepcionales y urgentes, o audiencias cuya dilaci\u00f3n implicar\u00eda la p\u00e9rdida irreparable de un derecho o acci\u00f3n, se habilita la materializaci\u00f3n del acto por el subrogante legal respectivo una vez que se cuente con la autorizaci\u00f3n del Ministerio de Salud para ingresar a las instalaciones del \u00f3rgano jurisdiccional en cuesti\u00f3n.<br \/>\nSe acompa\u00f1a la <a href=\"https:\/\/drive.google.com\/file\/d\/1yUkqndHH9nGKr-NZi9r1YAzxIAUU5J89\/view?usp=sharing\">Resoluci\u00f3n<\/a>.<\/p>\n","protected":false},"excerpt":{"rendered":"<p>Publicado 22 febrero 2021 El CASF informa que la Corte Suprema de Santa Fe resolvi\u00f3 la suspensi\u00f3n de las actividades judiciales en el Juzgado de Primera Instancia de Circuito de la localidad de Coronda desde el 19 de Febrero pasado y hasta que las autoridades sanitarias recomienden su reanudaci\u00f3n, licenci\u00e1ndose al personal que presta labores [&#8230;]\n","protected":false},"author":2,"featured_media":10795,"comment_status":"closed","ping_status":"closed","sticky":false,"template":"","format":"standard","meta":[],"categories":[74],"tags":[],"_links":{"self":[{"href":"https:\/\/www.casf.org.ar\/colegio\/wp-json\/wp\/v2\/posts\/10793"}],"collection":[{"href":"https:\/\/www.casf.org.ar\/colegio\/wp-json\/wp\/v2\/posts"}],"about":[{"href":"https:\/\/www.casf.org.ar\/colegio\/wp-json\/wp\/v2\/types\/post"}],"author":[{"embeddable":true,"href":"https:\/\/www.casf.org.ar\/colegio\/wp-json\/wp\/v2\/users\/2"}],"replies":[{"embeddable":true,"href":"https:\/\/www.casf.org.ar\/colegio\/wp-json\/wp\/v2\/comments?post=10793"}],"version-history":[{"count":0,"href":"https:\/\/www.casf.org.ar\/colegio\/wp-json\/wp\/v2\/posts\/10793\/revisions"}],"wp:featuredmedia":[{"embeddable":true,"href":"https:\/\/www.casf.org.ar\/colegio\/wp-json\/"}],"wp:attachment":[{"href":"https:\/\/www.casf.org.ar\/colegio\/wp-json\/wp\/v2\/media?parent=10793"}],"wp:term":[{"taxonomy":"category","embeddable":true,"href":"https:\/\/www.casf.org.ar\/colegio\/wp-json\/wp\/v2\/categories?post=10793"},{"taxonomy":"post_tag","embeddable":true,"href":"https:\/\/www.casf.org.ar\/colegio\/wp-json\/wp\/v2\/tags?post=10793"}],"curies":[{"name":"wp","href":"https:\/\/api.w.org\/{rel}","templated":true}]}}