{"id":10518,"date":"2020-12-09T08:48:04","date_gmt":"2020-12-09T11:48:04","guid":{"rendered":"https:\/\/www.casf.org.ar\/colegio\/?p=10518"},"modified":"2021-08-23T14:19:31","modified_gmt":"2021-08-23T14:19:31","slug":"homenaje-al-dia-nacional-del-tango","status":"publish","type":"post","link":"https:\/\/www.casf.org.ar\/colegio\/2020\/12\/09\/homenaje-al-dia-nacional-del-tango\/","title":{"rendered":"Homenaje al D\u00eda Nacional del Tango"},"content":{"rendered":"<p>Publicado 9 de Diciembre 2020<\/p>\n<p style=\"text-align: justify;\">El CASF adhiere e invita a los\/as matriculados\/as de nuestra instituci\u00f3n al acto que la Federaci\u00f3n Argentina de Colegios de Abogados (FACA) celebrar\u00e1 el 11 de diciembre, a las 20, por plataforma Zoom, en homenaje al D\u00eda Nacional del Tango, a instancia de la Comisi\u00f3n de Cultura.<br \/>\nLos\/as interesados podr\u00e1n unirse a la reuni\u00f3n Zoom a trav\u00e9s del siguiente v\u00ednculo:<br \/>\n<a href=\"https:\/\/us02web.zoom.us\/j\/88590114755?pwd=ZnBKY3RGcDNhWlhtQjRlYndLRCtUZz09\" target=\"_blank\" rel=\"noopener\">https:\/\/us02web.zoom.us\/j\/88590114755?pwd=ZnBKY3RGcDNhWlhtQjRlYndLRCtUZz09<\/a><\/p>\n<p>ID de reuni\u00f3n: 885 9011 4755<br \/>\nC\u00f3digo de acceso: 041779<\/p>\n<p style=\"text-align: justify;\"><a href=\"https:\/\/www.casf.org.ar\/colegio\/wp-content\/uploads\/2020\/12\/WhatsApp-Image-2020-12-09-1.jpeg\"><img decoding=\"async\" loading=\"lazy\" class=\"alignnone size-full wp-image-10519\" src=\"https:\/\/www.casf.org.ar\/colegio\/wp-content\/uploads\/2020\/12\/WhatsApp-Image-2020-12-09-1.jpeg\" alt=\"WhatsApp Image 2020-12-09 1\" width=\"400\" height=\"400\" \/><\/a><\/p>\n","protected":false},"excerpt":{"rendered":"<p>Publicado 9 de Diciembre 2020 El CASF adhiere e invita a los\/as matriculados\/as de nuestra instituci\u00f3n al acto que la Federaci\u00f3n Argentina de Colegios de Abogados (FACA) celebrar\u00e1 el 11 de diciembre, a las 20, por plataforma Zoom, en homenaje al D\u00eda Nacional del Tango, a instancia de la Comisi\u00f3n de Cultura. Los\/as interesados podr\u00e1n [&#8230;]\n","protected":false},"author":2,"featured_media":10519,"comment_status":"closed","ping_status":"closed","sticky":false,"template":"","format":"standard","meta":[],"categories":[76,1],"tags":[],"_links":{"self":[{"href":"https:\/\/www.casf.org.ar\/colegio\/wp-json\/wp\/v2\/posts\/10518"}],"collection":[{"href":"https:\/\/www.casf.org.ar\/colegio\/wp-json\/wp\/v2\/posts"}],"about":[{"href":"https:\/\/www.casf.org.ar\/colegio\/wp-json\/wp\/v2\/types\/post"}],"author":[{"embeddable":true,"href":"https:\/\/www.casf.org.ar\/colegio\/wp-json\/wp\/v2\/users\/2"}],"replies":[{"embeddable":true,"href":"https:\/\/www.casf.org.ar\/colegio\/wp-json\/wp\/v2\/comments?post=10518"}],"version-history":[{"count":1,"href":"https:\/\/www.casf.org.ar\/colegio\/wp-json\/wp\/v2\/posts\/10518\/revisions"}],"predecessor-version":[{"id":12196,"href":"https:\/\/www.casf.org.ar\/colegio\/wp-json\/wp\/v2\/posts\/10518\/revisions\/12196"}],"wp:featuredmedia":[{"embeddable":true,"href":"https:\/\/www.casf.org.ar\/colegio\/wp-json\/"}],"wp:attachment":[{"href":"https:\/\/www.casf.org.ar\/colegio\/wp-json\/wp\/v2\/media?parent=10518"}],"wp:term":[{"taxonomy":"category","embeddable":true,"href":"https:\/\/www.casf.org.ar\/colegio\/wp-json\/wp\/v2\/categories?post=10518"},{"taxonomy":"post_tag","embeddable":true,"href":"https:\/\/www.casf.org.ar\/colegio\/wp-json\/wp\/v2\/tags?post=10518"}],"curies":[{"name":"wp","href":"https:\/\/api.w.org\/{rel}","templated":true}]}}