{"id":10321,"date":"2020-11-12T08:27:51","date_gmt":"2020-11-12T11:27:51","guid":{"rendered":"https:\/\/www.casf.org.ar\/colegio\/?p=10321"},"modified":"2020-11-12T08:27:51","modified_gmt":"2020-11-12T11:27:51","slug":"comision-abogados-del-estado-apoya-reclamo-del-casf-por-aumento-aportes-cssap","status":"publish","type":"post","link":"https:\/\/www.casf.org.ar\/colegio\/2020\/11\/12\/comision-abogados-del-estado-apoya-reclamo-del-casf-por-aumento-aportes-cssap\/","title":{"rendered":"Comisi\u00f3n Abogados del Estado apoya reclamo del CASF por aumento aportes CSSAP"},"content":{"rendered":"<p>Publicado 12 noviembre 2020<\/p>\n<p style=\"text-align: justify;\">Por este medio compartimos texto de la nota de la Comisi\u00f3n de Abogados del Estado del CASF en apoyo total y absoluto a la postura adoptada por el Honorable Directorio de nuestra instituci\u00f3n,\u00a0 en cuyo marco se repudia enf\u00e1ticamente la decisi\u00f3n inoportuna y carente de sensibilidad adoptada por la Caja de Seguridad Social de Abogados y Procuradores de la Provincia de Santa Fe, quien de manera inconsulta y equivocadamente aument\u00f3 el m\u00ednimo anual de aportes.<br \/>\n\u00abLa Comisi\u00f3n lamenta tan desacertada decisi\u00f3n y solicita su revisi\u00f3n,\u00a0 atento que la misma afecta de manera directa la econom\u00eda de los abogados del Estado , los cuales en su mayor\u00eda tienen salarios muy bajos y en la actualidad destinan hasta dos haberes en completar dicho aporte\u00bb.<br \/>\nEn efecto, \u00absolicitan a las autoridades de la mencionada Caja el abordaje de la problem\u00e1tica y el trabajo conjunto a los fines de que los colegiados que trabajan en el Estado puedan cumplimentar sus obligaciones previsionales sin necesidad de llegar al quebranto\u00bb.<\/p>\n","protected":false},"excerpt":{"rendered":"<p>Publicado 12 noviembre 2020 Por este medio compartimos texto de la nota de la Comisi\u00f3n de Abogados del Estado del CASF en apoyo total y absoluto a la postura adoptada por el Honorable Directorio de nuestra instituci\u00f3n,\u00a0 en cuyo marco se repudia enf\u00e1ticamente la decisi\u00f3n inoportuna y carente de sensibilidad adoptada por la Caja de [&#8230;]\n","protected":false},"author":2,"featured_media":10323,"comment_status":"closed","ping_status":"closed","sticky":false,"template":"","format":"standard","meta":[],"categories":[74],"tags":[],"_links":{"self":[{"href":"https:\/\/www.casf.org.ar\/colegio\/wp-json\/wp\/v2\/posts\/10321"}],"collection":[{"href":"https:\/\/www.casf.org.ar\/colegio\/wp-json\/wp\/v2\/posts"}],"about":[{"href":"https:\/\/www.casf.org.ar\/colegio\/wp-json\/wp\/v2\/types\/post"}],"author":[{"embeddable":true,"href":"https:\/\/www.casf.org.ar\/colegio\/wp-json\/wp\/v2\/users\/2"}],"replies":[{"embeddable":true,"href":"https:\/\/www.casf.org.ar\/colegio\/wp-json\/wp\/v2\/comments?post=10321"}],"version-history":[{"count":0,"href":"https:\/\/www.casf.org.ar\/colegio\/wp-json\/wp\/v2\/posts\/10321\/revisions"}],"wp:featuredmedia":[{"embeddable":true,"href":"https:\/\/www.casf.org.ar\/colegio\/wp-json\/"}],"wp:attachment":[{"href":"https:\/\/www.casf.org.ar\/colegio\/wp-json\/wp\/v2\/media?parent=10321"}],"wp:term":[{"taxonomy":"category","embeddable":true,"href":"https:\/\/www.casf.org.ar\/colegio\/wp-json\/wp\/v2\/categories?post=10321"},{"taxonomy":"post_tag","embeddable":true,"href":"https:\/\/www.casf.org.ar\/colegio\/wp-json\/wp\/v2\/tags?post=10321"}],"curies":[{"name":"wp","href":"https:\/\/api.w.org\/{rel}","templated":true}]}}