{"id":10308,"date":"2020-11-10T15:48:53","date_gmt":"2020-11-10T18:48:53","guid":{"rendered":"https:\/\/www.casf.org.ar\/colegio\/?p=10308"},"modified":"2021-08-23T14:19:32","modified_gmt":"2021-08-23T14:19:32","slug":"el-casf-adhiere-a-la-jornada-nacional-sobre-principios-registrales","status":"publish","type":"post","link":"https:\/\/www.casf.org.ar\/colegio\/2020\/11\/10\/el-casf-adhiere-a-la-jornada-nacional-sobre-principios-registrales\/","title":{"rendered":"El CASF adhiere a la Jornada Nacional sobre Principios Registrales"},"content":{"rendered":"<p>Publicado 10 noviembre 2020<\/p>\n<p><a href=\"https:\/\/www.casf.org.ar\/colegio\/wp-content\/uploads\/2020\/11\/charla-proceso-registral-2020-11-10.jpg\"><img decoding=\"async\" loading=\"lazy\" class=\"alignnone size-full wp-image-10312\" src=\"https:\/\/www.casf.org.ar\/colegio\/wp-content\/uploads\/2020\/11\/charla-proceso-registral-2020-11-10.jpg\" alt=\"charla proceso registral 2020-11-10\" width=\"440\" height=\"440\" \/><\/a><\/p>\n<p>El CASF adhiere a la Jornada Nacional sobre Principios Registrales (Catastrales y Dominiales), organizada por la Comisi\u00f3n de Incumbencias Profesionales y Situaci\u00f3n Ocupacional de la Federaci\u00f3n Argentina de Colegios de Abogados, <a href=\"https:\/\/drive.google.com\/file\/d\/18gp_3pj_kEtbcBTOiN2RyzSVLDCXHo5n\/view?usp=sharing\">declarada de Inter\u00e9s Institucional y Acad\u00e9mico<\/a>, que se llevar\u00e1 a cabo v\u00eda zoom, el pr\u00f3ximo 25 de Noviembre de 2020, a las 18 horas.<\/p>\n<p>&nbsp;<\/p>\n","protected":false},"excerpt":{"rendered":"<p>Publicado 10 noviembre 2020 El CASF adhiere a la Jornada Nacional sobre Principios Registrales (Catastrales y Dominiales), organizada por la Comisi\u00f3n de Incumbencias Profesionales y Situaci\u00f3n Ocupacional de la Federaci\u00f3n Argentina de Colegios de Abogados, declarada de Inter\u00e9s Institucional y Acad\u00e9mico, que se llevar\u00e1 a cabo v\u00eda zoom, el pr\u00f3ximo 25 de Noviembre de 2020, [&#8230;]\n","protected":false},"author":2,"featured_media":10312,"comment_status":"closed","ping_status":"closed","sticky":false,"template":"","format":"standard","meta":[],"categories":[76,1],"tags":[],"_links":{"self":[{"href":"https:\/\/www.casf.org.ar\/colegio\/wp-json\/wp\/v2\/posts\/10308"}],"collection":[{"href":"https:\/\/www.casf.org.ar\/colegio\/wp-json\/wp\/v2\/posts"}],"about":[{"href":"https:\/\/www.casf.org.ar\/colegio\/wp-json\/wp\/v2\/types\/post"}],"author":[{"embeddable":true,"href":"https:\/\/www.casf.org.ar\/colegio\/wp-json\/wp\/v2\/users\/2"}],"replies":[{"embeddable":true,"href":"https:\/\/www.casf.org.ar\/colegio\/wp-json\/wp\/v2\/comments?post=10308"}],"version-history":[{"count":1,"href":"https:\/\/www.casf.org.ar\/colegio\/wp-json\/wp\/v2\/posts\/10308\/revisions"}],"predecessor-version":[{"id":12212,"href":"https:\/\/www.casf.org.ar\/colegio\/wp-json\/wp\/v2\/posts\/10308\/revisions\/12212"}],"wp:featuredmedia":[{"embeddable":true,"href":"https:\/\/www.casf.org.ar\/colegio\/wp-json\/"}],"wp:attachment":[{"href":"https:\/\/www.casf.org.ar\/colegio\/wp-json\/wp\/v2\/media?parent=10308"}],"wp:term":[{"taxonomy":"category","embeddable":true,"href":"https:\/\/www.casf.org.ar\/colegio\/wp-json\/wp\/v2\/categories?post=10308"},{"taxonomy":"post_tag","embeddable":true,"href":"https:\/\/www.casf.org.ar\/colegio\/wp-json\/wp\/v2\/tags?post=10308"}],"curies":[{"name":"wp","href":"https:\/\/api.w.org\/{rel}","templated":true}]}}