{"id":10293,"date":"2020-11-06T10:26:53","date_gmt":"2020-11-06T13:26:53","guid":{"rendered":"https:\/\/www.casf.org.ar\/colegio\/?p=10293"},"modified":"2021-08-23T14:19:32","modified_gmt":"2021-08-23T14:19:32","slug":"jornadas-abogacia-actividad-esencial","status":"publish","type":"post","link":"https:\/\/www.casf.org.ar\/colegio\/2020\/11\/06\/jornadas-abogacia-actividad-esencial\/","title":{"rendered":"Jornadas: Abogac\u00eda, actividad esencial"},"content":{"rendered":"<p>Publicado 06 de Noviembre de 2020<\/p>\n<p style=\"text-align: justify;\">El CASF adhiere a las V Jornadas Sanisidrenses de Derecho, denominadas Abogac\u00eda, actividad esencial, que tendr\u00e1n lugar el mi\u00e9rcoles 18 de Noviembre de 2020, siendo la conferencia inaugural a cargo del Dr. Roberto Gargarella, quien abordar\u00e1 el tema Derecho y Democracia en Tiempos de Crisis.<br \/>\nEn esta iniciativa que fue Declarada de Inter\u00e9s Acad\u00e9mico e Institucional por FACA se desarrollar\u00e1n Paneles sobre Firma Digital, \u00c9tica Profesional, Abogac\u00eda 4.0, el Derecho de Defensa, y Abogac\u00eda de los Hiper Vulnerables.<br \/>\nInscripciones: <a href=\"https:\/\/www.casi.com.ar\/\" target=\"_blank\" rel=\"noopener\">www.casi.com.ar<\/a><\/p>\n<p style=\"text-align: justify;\"><a href=\"https:\/\/www.casf.org.ar\/colegio\/wp-content\/uploads\/2020\/11\/WhatsApp-Image-2020-11-06-1.jpeg\"><img decoding=\"async\" loading=\"lazy\" class=\"alignnone wp-image-10294\" src=\"https:\/\/www.casf.org.ar\/colegio\/wp-content\/uploads\/2020\/11\/WhatsApp-Image-2020-11-06-1.jpeg\" alt=\"WhatsApp Image 2020-11-06 1\" width=\"360\" height=\"355\" \/><\/a><\/p>\n","protected":false},"excerpt":{"rendered":"<p>Publicado 06 de Noviembre de 2020 El CASF adhiere a las V Jornadas Sanisidrenses de Derecho, denominadas Abogac\u00eda, actividad esencial, que tendr\u00e1n lugar el mi\u00e9rcoles 18 de Noviembre de 2020, siendo la conferencia inaugural a cargo del Dr. Roberto Gargarella, quien abordar\u00e1 el tema Derecho y Democracia en Tiempos de Crisis. En esta iniciativa que [&#8230;]\n","protected":false},"author":2,"featured_media":10294,"comment_status":"closed","ping_status":"closed","sticky":false,"template":"","format":"standard","meta":[],"categories":[76,1],"tags":[],"_links":{"self":[{"href":"https:\/\/www.casf.org.ar\/colegio\/wp-json\/wp\/v2\/posts\/10293"}],"collection":[{"href":"https:\/\/www.casf.org.ar\/colegio\/wp-json\/wp\/v2\/posts"}],"about":[{"href":"https:\/\/www.casf.org.ar\/colegio\/wp-json\/wp\/v2\/types\/post"}],"author":[{"embeddable":true,"href":"https:\/\/www.casf.org.ar\/colegio\/wp-json\/wp\/v2\/users\/2"}],"replies":[{"embeddable":true,"href":"https:\/\/www.casf.org.ar\/colegio\/wp-json\/wp\/v2\/comments?post=10293"}],"version-history":[{"count":1,"href":"https:\/\/www.casf.org.ar\/colegio\/wp-json\/wp\/v2\/posts\/10293\/revisions"}],"predecessor-version":[{"id":12215,"href":"https:\/\/www.casf.org.ar\/colegio\/wp-json\/wp\/v2\/posts\/10293\/revisions\/12215"}],"wp:featuredmedia":[{"embeddable":true,"href":"https:\/\/www.casf.org.ar\/colegio\/wp-json\/"}],"wp:attachment":[{"href":"https:\/\/www.casf.org.ar\/colegio\/wp-json\/wp\/v2\/media?parent=10293"}],"wp:term":[{"taxonomy":"category","embeddable":true,"href":"https:\/\/www.casf.org.ar\/colegio\/wp-json\/wp\/v2\/categories?post=10293"},{"taxonomy":"post_tag","embeddable":true,"href":"https:\/\/www.casf.org.ar\/colegio\/wp-json\/wp\/v2\/tags?post=10293"}],"curies":[{"name":"wp","href":"https:\/\/api.w.org\/{rel}","templated":true}]}}