{"id":10036,"date":"2020-10-09T07:48:36","date_gmt":"2020-10-09T10:48:36","guid":{"rendered":"https:\/\/www.casf.org.ar\/colegio\/?p=10036"},"modified":"2021-08-23T14:19:34","modified_gmt":"2021-08-23T14:19:34","slug":"jornada-de-faca-sobre-firma-digital-y-ejercicio-de-la-abogacia","status":"publish","type":"post","link":"https:\/\/www.casf.org.ar\/colegio\/2020\/10\/09\/jornada-de-faca-sobre-firma-digital-y-ejercicio-de-la-abogacia\/","title":{"rendered":"Jornada de FACA sobre Firma Digital y Ejercicio de la Abogac\u00eda"},"content":{"rendered":"<p>Publicado 09 octubre 2020<\/p>\n<p style=\"text-align: justify;\">El Colegio adhiere y acompa\u00f1a la Jornada que impulsa la Comisi\u00f3n de Inform\u00e1tica Jur\u00eddica e Inteligencia Artificial de FACA sobre el tema Firma Digital y Ejercicio de la Abogac\u00eda, la cual se desarrollar\u00e1 el 30 de Octubre, a las 14 horas, v\u00eda plataforma zoom, conforme se indica en el flyer de esta informaci\u00f3n y que estar\u00e1 disponible adem\u00e1s por el canal YouTube.<br \/>\nSe trata de una iniciativa que pretende abordar desde la mirada de los expositores temas que est\u00e1n en constante actualizaci\u00f3n vinculados al ejercicio de la abogac\u00eda.<br \/>\nLa Jornada es de acceso libre<\/p>\n","protected":false},"excerpt":{"rendered":"<p>Publicado 09 octubre 2020 El Colegio adhiere y acompa\u00f1a la Jornada que impulsa la Comisi\u00f3n de Inform\u00e1tica Jur\u00eddica e Inteligencia Artificial de FACA sobre el tema Firma Digital y Ejercicio de la Abogac\u00eda, la cual se desarrollar\u00e1 el 30 de Octubre, a las 14 horas, v\u00eda plataforma zoom, conforme se indica en el flyer de [&#8230;]\n","protected":false},"author":2,"featured_media":10037,"comment_status":"closed","ping_status":"closed","sticky":false,"template":"","format":"standard","meta":[],"categories":[76,1],"tags":[],"_links":{"self":[{"href":"https:\/\/www.casf.org.ar\/colegio\/wp-json\/wp\/v2\/posts\/10036"}],"collection":[{"href":"https:\/\/www.casf.org.ar\/colegio\/wp-json\/wp\/v2\/posts"}],"about":[{"href":"https:\/\/www.casf.org.ar\/colegio\/wp-json\/wp\/v2\/types\/post"}],"author":[{"embeddable":true,"href":"https:\/\/www.casf.org.ar\/colegio\/wp-json\/wp\/v2\/users\/2"}],"replies":[{"embeddable":true,"href":"https:\/\/www.casf.org.ar\/colegio\/wp-json\/wp\/v2\/comments?post=10036"}],"version-history":[{"count":1,"href":"https:\/\/www.casf.org.ar\/colegio\/wp-json\/wp\/v2\/posts\/10036\/revisions"}],"predecessor-version":[{"id":12234,"href":"https:\/\/www.casf.org.ar\/colegio\/wp-json\/wp\/v2\/posts\/10036\/revisions\/12234"}],"wp:featuredmedia":[{"embeddable":true,"href":"https:\/\/www.casf.org.ar\/colegio\/wp-json\/"}],"wp:attachment":[{"href":"https:\/\/www.casf.org.ar\/colegio\/wp-json\/wp\/v2\/media?parent=10036"}],"wp:term":[{"taxonomy":"category","embeddable":true,"href":"https:\/\/www.casf.org.ar\/colegio\/wp-json\/wp\/v2\/categories?post=10036"},{"taxonomy":"post_tag","embeddable":true,"href":"https:\/\/www.casf.org.ar\/colegio\/wp-json\/wp\/v2\/tags?post=10036"}],"curies":[{"name":"wp","href":"https:\/\/api.w.org\/{rel}","templated":true}]}}