{"id":10023,"date":"2020-10-07T10:45:51","date_gmt":"2020-10-07T13:45:51","guid":{"rendered":"https:\/\/www.casf.org.ar\/colegio\/?p=10023"},"modified":"2021-08-23T14:19:34","modified_gmt":"2021-08-23T14:19:34","slug":"en-el-marco-de-la-jornada-sobre-cuidados-paliativos-y-derechos-del-paciente-ofrecemos-material-normativo-y-bibliografico-mencionado-durante-su-desarrollo","status":"publish","type":"post","link":"https:\/\/www.casf.org.ar\/colegio\/2020\/10\/07\/en-el-marco-de-la-jornada-sobre-cuidados-paliativos-y-derechos-del-paciente-ofrecemos-material-normativo-y-bibliografico-mencionado-durante-su-desarrollo\/","title":{"rendered":"En el marco de la Jornada sobre Cuidados Paliativos y Derechos del Paciente, ofrecemos material normativo y bibliogr\u00e1fico mencionado durante su desarrollo"},"content":{"rendered":"<p>Publicado 07 octubre 2020<\/p>\n<p style=\"text-align: justify;\">El CASF, a trav\u00e9s de su Comisi\u00f3n de Derecho M\u00e9dico y Bio\u00e9tica, llev\u00f3 a cabo con \u00e9xito la Jornada sobre Cuidados Paliativos y Derechos del Paciente, donde fueron expositores la Dra. Pilar de Antueno, Magister en Bio\u00e9tica (UCA Bs.As.) y el Dr. Benigno Blanco Rodr\u00edguez, Secretario de Estado de Gobierno en Espa\u00f1a en el per\u00edodo 1996\/2004<br \/>\nCompartimos material normativo y bibliogr\u00e1fico de inter\u00e9s.<\/p>\n<p style=\"text-align: justify;\"><a href=\"https:\/\/drive.google.com\/file\/d\/1zKbySvUY4UulUdr518QMIPygKfqhXDwa\/view?usp=sharing\">Ley 13166<\/a><\/p>\n<p style=\"text-align: justify;\"><a href=\"https:\/\/drive.google.com\/file\/d\/1yCws8v2CgXMSUb6f4K5EKS8vz73MfDYv\/view?usp=sharing\">REGLAMENTACION DE LA LEY SOBRE CUIDADOS PALIATIVOS PARA PACIENTES CON ENFERMEDADES TERMINALES.<\/a><\/p>\n<p style=\"text-align: justify;\"><a href=\"https:\/\/drive.google.com\/file\/d\/1MQ4P4TjUTUvZeiSSvFC-7VeFNOVbTgTq\/view?usp=sharing\">Decr_1089-2012_Regl_ley_26529<\/a><\/p>\n<p style=\"text-align: justify;\"><a href=\"https:\/\/drive.google.com\/file\/d\/1_3WYoNyXjXDYtsJkXgMdWXPUyUY489KZ\/view?usp=sharing\">Ley 26742<\/a><\/p>\n<p style=\"text-align: justify;\"><a href=\"https:\/\/drive.google.com\/file\/d\/1SpfRvQ50r5D0J7VVzfSyTaRm5-9XA_Ug\/view?usp=sharing\">CUIDADOS PALIATIVOS &#8211; Sanci\u00f3n Senado 15\/10\/2020<\/a><\/p>\n","protected":false},"excerpt":{"rendered":"<p>Publicado 07 octubre 2020 El CASF, a trav\u00e9s de su Comisi\u00f3n de Derecho M\u00e9dico y Bio\u00e9tica, llev\u00f3 a cabo con \u00e9xito la Jornada sobre Cuidados Paliativos y Derechos del Paciente, donde fueron expositores la Dra. Pilar de Antueno, Magister en Bio\u00e9tica (UCA Bs.As.) y el Dr. Benigno Blanco Rodr\u00edguez, Secretario de Estado de Gobierno en [&#8230;]\n","protected":false},"author":2,"featured_media":10024,"comment_status":"closed","ping_status":"closed","sticky":false,"template":"","format":"standard","meta":[],"categories":[76,1],"tags":[],"_links":{"self":[{"href":"https:\/\/www.casf.org.ar\/colegio\/wp-json\/wp\/v2\/posts\/10023"}],"collection":[{"href":"https:\/\/www.casf.org.ar\/colegio\/wp-json\/wp\/v2\/posts"}],"about":[{"href":"https:\/\/www.casf.org.ar\/colegio\/wp-json\/wp\/v2\/types\/post"}],"author":[{"embeddable":true,"href":"https:\/\/www.casf.org.ar\/colegio\/wp-json\/wp\/v2\/users\/2"}],"replies":[{"embeddable":true,"href":"https:\/\/www.casf.org.ar\/colegio\/wp-json\/wp\/v2\/comments?post=10023"}],"version-history":[{"count":1,"href":"https:\/\/www.casf.org.ar\/colegio\/wp-json\/wp\/v2\/posts\/10023\/revisions"}],"predecessor-version":[{"id":12235,"href":"https:\/\/www.casf.org.ar\/colegio\/wp-json\/wp\/v2\/posts\/10023\/revisions\/12235"}],"wp:featuredmedia":[{"embeddable":true,"href":"https:\/\/www.casf.org.ar\/colegio\/wp-json\/"}],"wp:attachment":[{"href":"https:\/\/www.casf.org.ar\/colegio\/wp-json\/wp\/v2\/media?parent=10023"}],"wp:term":[{"taxonomy":"category","embeddable":true,"href":"https:\/\/www.casf.org.ar\/colegio\/wp-json\/wp\/v2\/categories?post=10023"},{"taxonomy":"post_tag","embeddable":true,"href":"https:\/\/www.casf.org.ar\/colegio\/wp-json\/wp\/v2\/tags?post=10023"}],"curies":[{"name":"wp","href":"https:\/\/api.w.org\/{rel}","templated":true}]}}